{"id":55435,"date":"2024-11-18T07:00:00","date_gmt":"2024-11-18T06:00:00","guid":{"rendered":"https:\/\/harlander-partner.eu\/bir-yegen-vefat-ettiginde-mirasiniz-bu-kadar-olur\/"},"modified":"2025-11-25T23:15:56","modified_gmt":"2025-11-25T22:15:56","slug":"bir-yegen-vefat-ettiginde-mirasiniz-bu-kadar-olur","status":"publish","type":"post","link":"https:\/\/harlander-partner.eu\/tr\/bir-yegen-vefat-ettiginde-mirasiniz-bu-kadar-olur\/","title":{"rendered":"Bir ye\u011fen vefat etti\u011finde miras\u0131n\u0131z bu kadar olur"},"content":{"rendered":"\n<div class=\"wp-block-yoast-seo-table-of-contents yoast-table-of-contents\"><h2>Bir ye\u011fen vefat etti\u011finde kimler miras\u00e7\u0131 olur?<\/h2><ul><li><a href=\"#h-erbschaft-nach-dem-tod-einer-nichte\" data-level=\"2\">Bir ye\u011fenin \u00f6l\u00fcm\u00fcnden sonra miras<\/a><\/li><li><a href=\"#h-erbrecht-der-onkel-und-tanten\" data-level=\"2\">Amca ve teyzelerin miras hukuku<\/a><\/li><li><a href=\"#h-testament-der-nichte\" data-level=\"2\">Ye\u011fenin vasiyetnamesi<\/a><\/li><li><a href=\"#h-vermachtnis-legat-der-nichte\" data-level=\"2\">Ye\u011fenin vasiyeti \/ miras\u0131<\/a><\/li><li><a href=\"#h-schenkung-auf-den-todesfall-durch-die-nichte\" data-level=\"2\">Ye\u011fen taraf\u0131ndan \u00f6l\u00fcm halinde ba\u011f\u0131\u015f<\/a><\/li><li><a href=\"#h-pflegevermachtnis\" data-level=\"2\">Bak\u0131m Miras\u0131<\/a><\/li><li><a href=\"#h-gesetzliche-erbefolge-nach-der-nichte\" data-level=\"2\">Ye\u011fenden sonra yasal miras<\/a><\/li><li><a href=\"#h-nacherbschaft\" data-level=\"2\">\u0130kincil miras<\/a><\/li><li><a href=\"#beispiel-00-1\" data-level=\"2\">Yedek miras<\/a><\/li><li><a href=\"#h-hohe-der-erbschaft\" data-level=\"2\">Miras\u0131n Miktar\u0131<\/a><\/li><\/ul><\/div>\n\n<h2 class=\"wp-block-heading\" id=\"h-erbschaft-nach-dem-tod-einer-nichte\">Bir ye\u011fenin \u00f6l\u00fcm\u00fcnden sonra miras <\/h2>\n\n<p class=\"wp-block-paragraph\"><strong>Amca ve teyzeler<\/strong>, <strong>bir ye\u011fenin \u00f6l\u00fcm\u00fc<\/strong> \u00fczerine miras pay\u0131 al\u0131r m\u0131? E\u011fer al\u0131rlarsa, bir ye\u011fenin \u00f6l\u00fcm\u00fc \u00fczerine amca ve teyzelerin miras pay\u0131 ne kadard\u0131r? Bu sorular\u0131n cevab\u0131n\u0131 Harlander &amp; Partner&#8217;\u0131n miras hukuku uzmanlar\u0131 a\u00e7\u0131kl\u0131yor.  <\/p>\n<div itemprop=\"dateline\" class=\"dateline\">Yay\u0131nlanma tarihi:  25.11.2025 von <a href=\"https:\/\/harlander-partner.eu\/rechtsanwalt-sebastian-riedlmair\/\" rel=\"author\" title=\"Avukat Mag. Peter Harlander\">Avukat Mag. Peter Harlander<\/a><\/div>\r\n\t<picture>\r\n\t\t<source srcset=\"https:\/\/harlander-partner.eu\/wp-content\/uploads\/erbrecht-2-352x198.webp\" media=\"(max-width: 360px)\" >\r\n\t\t<source srcset=\"https:\/\/harlander-partner.eu\/wp-content\/uploads\/erbrecht-2-800x450.webp\" media=\"(min-width: 361px)\" >\r\n\t\t<img decoding=\"async\" class=\"mr-picture-large\" src=\"https:\/\/harlander-partner.eu\/wp-content\/uploads\/erbrecht-2.webp\" alt=\"Amca ve teyzelerin ye\u011fenlerinin \u00f6l\u00fcm\u00fc \u00fczerine miras haklar\u0131. Ye\u011fenin \u00f6l\u00fcm\u00fc \u00fczerine miras\u0131n ko\u015fullar\u0131 ve miktar\u0131.\" >\r\n\t<\/picture>\n<a class=\"mr-cta-link mr-cta-button-cal\" href=\"#h2-booking\" title=\"\u00dccretsiz ilk g\u00f6r\u00fc\u015fme\"><span class=\"mr-cta-link-normal\">\u015eimdi istedi\u011finiz tarihi se\u00e7in:<\/span><span class=\"mr-cta-link-bold\">\u00dccretsiz ilk g\u00f6r\u00fc\u015fme<\/span><\/a>\n\n<h2 class=\"wp-block-heading\" id=\"h-erbrecht-der-onkel-und-tanten\">Amca ve teyzelerin miras hukuku<\/h2>\n\n<p class=\"wp-block-paragraph\">Amca ve teyzeler, bir ye\u011fenin \u00f6l\u00fcm\u00fc durumunda otomatik olarak miras almazlar. Ancak, amca ve teyzelerin miras\u0131n bir k\u0131sm\u0131n\u0131 veya tamam\u0131n\u0131 almas\u0131 i\u00e7in \u00e7e\u015fitli olas\u0131l\u0131klar mevcuttur. <\/p>\n\n<h2 class=\"wp-block-heading\" id=\"h-testament-der-nichte\">Ye\u011fenin vasiyetnamesi<\/h2>\n\n<p class=\"wp-block-paragraph\">Ye\u011fen bir vasiyetname d\u00fczenlemi\u015fse, vasiyetnamede amca ve teyzelerini dikkate alabilir. Bu \u015fekilde, amca ve teyzeler, ye\u011fenin son arzusuna g\u00f6re t\u00fcm mal varl\u0131\u011f\u0131n\u0131n tek miras\u00e7\u0131s\u0131 veya belirli bir oranla (\u00f6rne\u011fin, yar\u0131s\u0131, \u00e7eyre\u011fi) miras\u00e7\u0131 olabilirler. <\/p>\n\n<h2 class=\"wp-block-heading\" id=\"h-vermachtnis-legat-der-nichte\">Ye\u011fenin vasiyeti \/ miras\u0131<\/h2>\n\n<p class=\"wp-block-paragraph\">Ayr\u0131ca, ye\u011fen amca ve teyzelerine vasiyet yoluyla tek tek e\u015fyalar (\u00f6rne\u011fin, \u00e7i\u00e7ek vazosu) veya haklar (\u00f6rne\u011fin, evinde oturma hakk\u0131) b\u0131rakma imkan\u0131na sahiptir.<\/p>\n\n<h2 class=\"wp-block-heading\" id=\"h-schenkung-auf-den-todesfall-durch-die-nichte\">Ye\u011fen taraf\u0131ndan \u00f6l\u00fcm halinde ba\u011f\u0131\u015f<\/h2>\n\n<p class=\"wp-block-paragraph\">\u00d6l\u00fcm halinde ba\u011f\u0131\u015fta, ye\u011fen amca ve teyzelerine \u00f6l\u00fcm\u00fc halinde belirli bir mal varl\u0131\u011f\u0131 b\u00f6l\u00fcm\u00fcn\u00fcn ba\u011f\u0131\u015f yoluyla devredilece\u011fini vaat eder. Ba\u011f\u0131\u015f\u0131n etkisi ancak \u00f6l\u00fcmle birlikte ortaya \u00e7\u0131kar. <\/p>\n\n<p class=\"wp-block-paragraph\">Ye\u011fenin her zaman de\u011fi\u015ftirebilece\u011fi bir vasiyetname veya vasiyet yoluyla yap\u0131lan bir son arzunun aksine, ye\u011fen \u00f6l\u00fcm halinde ba\u011f\u0131\u015f ile de ba\u011fl\u0131d\u0131r. \u00d6l\u00fcm halinde ba\u011f\u0131\u015f, tek tarafl\u0131 olarak art\u0131k iptal edilemeyen iki tarafl\u0131 ba\u011flay\u0131c\u0131 bir s\u00f6zle\u015fmedir. <\/p>\n<a class=\"mr-cta-link mr-cta-button-cal\" href=\"#h2-booking\" title=\"\u00dccretsiz ilk g\u00f6r\u00fc\u015fme\"><span class=\"mr-cta-link-normal\">\u015eimdi istedi\u011finiz tarihi se\u00e7in:<\/span><span class=\"mr-cta-link-bold\">\u00dccretsiz ilk g\u00f6r\u00fc\u015fme<\/span><\/a>\n\n<h2 class=\"wp-block-heading\" id=\"h-pflegevermachtnis\">Bak\u0131m Miras\u0131<\/h2>\n\n<p class=\"wp-block-paragraph\">Bak\u0131m vasiyeti <strong>yasal<\/strong> bir vasiyettir. Bu, \u00f6len ye\u011fenin son arzusuna de\u011fil, yaln\u0131zca yasan\u0131n temelindedir. <\/p>\n\n<p class=\"wp-block-paragraph\">Amca ve teyzelerin a\u015fa\u011f\u0131daki gibi ye\u011fene bakm\u0131\u015f olmalar\u0131 halinde bak\u0131m vasiyeti alma haklar\u0131 vard\u0131r:<\/p>\n\n<ul class=\"wp-block-list\">\n<li>Ye\u011fenin \u00f6l\u00fcm\u00fcnden <strong>\u00f6nceki son \u00fc\u00e7 y\u0131l i\u00e7inde<\/strong><\/li>\n\n\n\n<li><strong>en az alt\u0131 ay<\/strong> boyunca<\/li>\n\n\n\n<li><strong>\u00f6nemsiz olmayan bir \u00f6l\u00e7\u00fcde<\/strong> (genellikle ayda ortalama 20 saatten fazla) <\/li>\n\n\n\n<li><strong>\u00fccretsiz olarak<\/strong> (kar\u015f\u0131l\u0131k almadan)<\/li>\n<\/ul>\n\n<h2 class=\"wp-block-heading\" id=\"h-gesetzliche-erbefolge-nach-der-nichte\">Ye\u011fenden sonra yasal miras<\/h2>\n\n<p class=\"wp-block-paragraph\">Ye\u011fen bir vasiyetname d\u00fczenlememi\u015fse, yasal miras devreye girer. Ancak, amca ve teyzeler yasal miras yoluyla ancak a\u015fa\u011f\u0131daki ki\u015filerin (\u00f6len ye\u011fenin e\u015fi ve yak\u0131n akrabalar\u0131) mevcut olmamas\u0131, zaten vefat etmi\u015f veya mirastan yasal olarak men edilmi\u015f olmalar\u0131 halinde devreye girerler: <\/p>\n\n<ul class=\"wp-block-list\">\n<li>\u00d6lenin e\u015fi<\/li>\n\n\n\n<li>\u00d6lenin \u00e7ocuklar\u0131<\/li>\n\n\n\n<li>\u00d6lenin torunlar\u0131<\/li>\n\n\n\n<li>\u00d6lenin torunlar\u0131n\u0131n \u00e7ocuklar\u0131<\/li>\n\n\n\n<li>\u00d6lenin ebeveynleri<\/li>\n\n\n\n<li>\u00d6lenin karde\u015fleri<\/li>\n\n\n\n<li>\u00d6lenin b\u00fcy\u00fckanne ve b\u00fcy\u00fckbabalar\u0131<\/li>\n<\/ul>\n\n<h2 class=\"wp-block-heading\" id=\"h-nacherbschaft\">\u0130kincil miras<\/h2>\n\n<p class=\"wp-block-paragraph\">Bir art miras\u00e7\u0131l\u0131kta, vefat eden ki\u015fi ba\u015fka bir ki\u015fiyi miras\u00e7\u0131 olarak atar, <strong>art miras\u00e7\u0131<\/strong>. Bu ki\u015fi, ilk atanan miras\u00e7\u0131dan sonra malvarl\u0131\u011f\u0131n\u0131 al\u0131r. <\/p>\n\n<p class=\"wp-block-paragraph\">Bu nedenle, ye\u011fen daha \u00f6nceki bir vasiyetnamede miras\u00e7\u0131 ve amca ve teyzeler ye\u011fenden sonra art miras\u00e7\u0131 olarak belirlenmi\u015fse, amca ve teyzeler ye\u011fenin \u00f6l\u00fcm\u00fcyle birlikte devreye girerler. Art miras\u0131n t\u00fcr\u00fcne ba\u011fl\u0131 olarak, o zaman tam orijinal miras\u0131 veya sadece ye\u011fenin t\u00fcketmedi\u011fi k\u0131sm\u0131 al\u0131rlar. <\/p>\n\n<h2 class=\"wp-block-heading\" id=\"beispiel-00-1\">Yedek miras<\/h2>\n\n<p class=\"wp-block-paragraph\">Bir vasiyet haz\u0131rlan\u0131rken her zaman bir yedek miras\u00e7\u0131 belirtilmelidir. Yedek miras\u00e7\u0131, atanan miras\u00e7\u0131 miras alamazsa veya miras\u0131 reddederse devreye girer. <\/p>\n\n<p class=\"wp-block-paragraph\">Bu nedenle, ye\u011fen zaten vefat etmi\u015f veya miras\u0131 reddeden birini miras\u00e7\u0131 ve amca ve teyzeleri yedek miras\u00e7\u0131 olarak belirlemi\u015fse, o zaman bunlar da ye\u011fenin \u00f6l\u00fcm\u00fcyle birlikte devreye girerler.<\/p>\n\n<h2 class=\"wp-block-heading\" id=\"h-hohe-der-erbschaft\">Miras\u0131n Miktar\u0131<\/h2>\n\n<p class=\"wp-block-paragraph\">Miras\u0131n miktar\u0131 veya amca ve teyzelere nihayetinde kalan de\u011ferin miktar\u0131, sadece ye\u011fenin mal varl\u0131\u011f\u0131na de\u011fil, ayn\u0131 zamanda di\u011fer miras\u00e7\u0131lar\u0131n, vasiyet alacakl\u0131lar\u0131n\u0131n ve yasal miras pay\u0131 sahiplerinin say\u0131s\u0131na da ba\u011fl\u0131d\u0131r.<\/p>\n    <div class=\"mr-quote mrbg clearfix\">\n        <a class=\"mr-quote-person\" href=\"\/ueber-uns\/rechtsanwalt-sebastian-riedlmair\/\" title=\"Rechtsanwalt Sebastian Riedlmair\">\n            <img decoding=\"async\" class=\"mr-quote-person-img\" src=\"https:\/\/harlander-partner.eu\/wp-content\/themes\/harlander\/design\/sr100.webp\" width=\"100\"\n                 height=\"100\" loading=\"lazy\" alt=\"Rechtsanwalt Sebastian Riedlmair\">\n            <span class=\"mr-quote-person-text\">\n            Sebastian Riedlmair<br>\n            <span class=\"mr-quote-person-function\">Harlander &amp; Partner Rechtsanw\u00e4lte<\/span>\n        <\/span>\n        <\/a>\n        <span class=\"mr-quote-content\">\u201eAnwaltliche Unterst\u00fctzung rechnet sich im Erbfall fast immer. Unsere Rechtsanw\u00e4lte f\u00fcr unsere Mandanten stellen sicher, dass keine Anspr\u00fcche \u00fcbersehen oder zu gering bewertet werden\u201c<\/span>\n    <\/div>\n<a class=\"mr-cta-link mr-cta-button-cal\" href=\"#h2-booking\" title=\"\u00dccretsiz ilk g\u00f6r\u00fc\u015fme\"><span class=\"mr-cta-link-normal\">\u015eimdi istedi\u011finiz tarihi se\u00e7in:<\/span><span class=\"mr-cta-link-bold\">\u00dccretsiz ilk g\u00f6r\u00fc\u015fme<\/span><\/a>\n","protected":false},"excerpt":{"rendered":"Bir ye\u011fenin \u00f6l\u00fcm\u00fcnden sonra miras Amca ve teyzeler, bir ye\u011fenin \u00f6l\u00fcm\u00fc \u00fczerine miras pay\u0131 al\u0131r m\u0131? E\u011fer al\u0131rlarsa, bir ye\u011fenin \u00f6l\u00fcm\u00fc \u00fczerine amca ve teyzelerin miras pay\u0131 ne kadard\u0131r? Bu &#8230;","protected":false},"author":1,"featured_media":54340,"comment_status":"closed","ping_status":"closed","sticky":false,"template":"","format":"standard","meta":{"_acf_changed":false,"_uag_custom_page_level_css":"","footnotes":""},"categories":[1024,752],"tags":[],"class_list":["post-55435","post","type-post","status-publish","format-standard","has-post-thumbnail","hentry","category-hukuki-ipuclari-ve-haberler","category-miras-hukuku-ihtiyat"],"acf":[],"uagb_featured_image_src":{"full":["https:\/\/harlander-partner.eu\/wp-content\/uploads\/erbrecht-2.webp",1920,1080,false],"thumbnail":["https:\/\/harlander-partner.eu\/wp-content\/uploads\/erbrecht-2-100x100.webp",100,100,true],"medium":["https:\/\/harlander-partner.eu\/wp-content\/uploads\/erbrecht-2-800x450.webp",800,450,true],"medium_large":["https:\/\/harlander-partner.eu\/wp-content\/uploads\/erbrecht-2.webp",1920,1080,false],"large":["https:\/\/harlander-partner.eu\/wp-content\/uploads\/erbrecht-2.webp",1920,1080,false],"1536x1536":["https:\/\/harlander-partner.eu\/wp-content\/uploads\/erbrecht-2.webp",1536,864,false],"2048x2048":["https:\/\/harlander-partner.eu\/wp-content\/uploads\/erbrecht-2.webp",1920,1080,false],"336x":["https:\/\/harlander-partner.eu\/wp-content\/uploads\/erbrecht-2-336x189.webp",336,189,true],"352x":["https:\/\/harlander-partner.eu\/wp-content\/uploads\/erbrecht-2-352x198.webp",352,198,true],"woocommerce_thumbnail":["https:\/\/harlander-partner.eu\/wp-content\/uploads\/erbrecht-2-300x300.webp",300,300,true],"woocommerce_single":["https:\/\/harlander-partner.eu\/wp-content\/uploads\/erbrecht-2-600x338.webp",600,338,true],"woocommerce_gallery_thumbnail":["https:\/\/harlander-partner.eu\/wp-content\/uploads\/erbrecht-2-100x100.webp",100,100,true],"yarpp-thumbnail":["https:\/\/harlander-partner.eu\/wp-content\/uploads\/erbrecht-2-120x120.webp",120,120,true]},"uagb_author_info":{"display_name":"Peter Harlander","author_link":"https:\/\/harlander-partner.eu\/tr\/author\/secondpromotion\/"},"uagb_comment_info":0,"uagb_excerpt":"Bir ye\u011fenin \u00f6l\u00fcm\u00fcnden sonra miras Amca ve teyzeler, bir ye\u011fenin \u00f6l\u00fcm\u00fc \u00fczerine miras pay\u0131 al\u0131r m\u0131? E\u011fer al\u0131rlarsa, bir ye\u011fenin \u00f6l\u00fcm\u00fc \u00fczerine amca ve teyzelerin miras pay\u0131 ne kadard\u0131r? Bu ...","_links":{"self":[{"href":"https:\/\/harlander-partner.eu\/tr\/wp-json\/wp\/v2\/posts\/55435","targetHints":{"allow":["GET"]}}],"collection":[{"href":"https:\/\/harlander-partner.eu\/tr\/wp-json\/wp\/v2\/posts"}],"about":[{"href":"https:\/\/harlander-partner.eu\/tr\/wp-json\/wp\/v2\/types\/post"}],"author":[{"embeddable":true,"href":"https:\/\/harlander-partner.eu\/tr\/wp-json\/wp\/v2\/users\/1"}],"replies":[{"embeddable":true,"href":"https:\/\/harlander-partner.eu\/tr\/wp-json\/wp\/v2\/comments?post=55435"}],"version-history":[{"count":0,"href":"https:\/\/harlander-partner.eu\/tr\/wp-json\/wp\/v2\/posts\/55435\/revisions"}],"wp:featuredmedia":[{"embeddable":true,"href":"https:\/\/harlander-partner.eu\/tr\/wp-json\/wp\/v2\/media\/54340"}],"wp:attachment":[{"href":"https:\/\/harlander-partner.eu\/tr\/wp-json\/wp\/v2\/media?parent=55435"}],"wp:term":[{"taxonomy":"category","embeddable":true,"href":"https:\/\/harlander-partner.eu\/tr\/wp-json\/wp\/v2\/categories?post=55435"},{"taxonomy":"post_tag","embeddable":true,"href":"https:\/\/harlander-partner.eu\/tr\/wp-json\/wp\/v2\/tags?post=55435"}],"curies":[{"name":"wp","href":"https:\/\/api.w.org\/{rel}","templated":true}]}}