{"id":34501,"date":"2024-07-02T08:45:35","date_gmt":"2024-07-02T06:45:35","guid":{"rendered":"https:\/\/harlander-partner.eu\/prawo-spadkowe\/"},"modified":"2025-11-24T19:01:17","modified_gmt":"2025-11-24T18:01:17","slug":"prawo-spadkowe","status":"publish","type":"post","link":"https:\/\/harlander-partner.eu\/pl\/prawo-spadkowe\/","title":{"rendered":"Prawo spadkowe"},"content":{"rendered":"\n<h2 class=\"wp-block-heading\" id=\"h-rechtsanwalte-fur-erbrecht\">Adwokaci specjalizuj\u0105cy si\u0119 w prawie spadkowym<\/h2>\n\n<p class=\"wp-block-paragraph\">Wspieramy <strong>od 1953 roku<\/strong> spadkodawc\u00f3w, spadkobierc\u00f3w, zapisobierc\u00f3w i osoby uprawnione do zachowku we wszystkich kwestiach zwi\u0105zanych z <strong>austriackim i mi\u0119dzynarodowym prawem spadkowym<\/strong>. Obecnie czwarte i pi\u0105te pokolenie prawnik\u00f3w zajmuje si\u0119 sprawami naszych klient\u00f3w. <\/p>\n\n<p class=\"wp-block-paragraph\">Z jednej lokalizacji powsta\u0142o <strong>sze\u015b\u0107 lokalizacji w Austrii<\/strong> oraz jedna lokalizacja w <strong>Niemczech<\/strong>. Dzi\u0119ki temu mo\u017cemy dzia\u0142a\u0107 <strong>na terenie ca\u0142ej Austrii<\/strong> w ka\u017cdej sprawie z zakresu prawa spadkowego. <\/p>\n\n<p class=\"wp-block-paragraph\">Dzi\u0119ki naszej <strong>specjalizacji w prawie spadkowym<\/strong> dysponujemy <strong>dog\u0142\u0119bn\u0105 wiedz\u0105 eksperck\u0105<\/strong> w ka\u017cdej sytuacji:<\/p>\n\n<h2 class=\"wp-block-heading\" id=\"h-osterreichisches-und-internationales-erbrecht\">Austriackie i mi\u0119dzynarodowe prawo spadkowe<\/h2>\n\n<div class=\"wp-block-columns\">\n<div class=\"wp-block-column mr-column-lightgrey\">\n<h3 class=\"wp-block-heading\" id=\"h-regelung-des-erbfalles\">Uregulowanie sprawy spadkowej<\/h3>\n\n\n\n<ul id=\"block-ccedcdec-40f6-4dd4-9064-5f2f97a1ed2e\" class=\"wp-block-list icon\">\n<li>Umowa spadkowa<\/li>\n\n\n\n<li>Testament<\/li>\n\n\n\n<li>Zapis<\/li>\n\n\n\n<li>Darowizny za \u017cycia<\/li>\n\n\n\n<li>Prawo do przej\u0119cia gospodarstwa rolnego<\/li>\n\n\n\n<li>Dziedziczenie powiernicze i nast\u0119pcze<\/li>\n\n\n\n<li>Wydziedziczenie<\/li>\n\n\n\n<li>Zmniejszenie zachowku<\/li>\n\n\n\n<li>Zrzeczenie si\u0119 dziedzictwa<\/li>\n\n\n\n<li>Przedwczesne przekazanie spadku<\/li>\n\n\n\n<li>Sukcesja przedsi\u0119biorstwa<\/li>\n<\/ul>\n<\/div>\n\n\n\n<div class=\"wp-block-column mr-column-lightgrey\">\n<h3 class=\"wp-block-heading\" id=\"h-eintritt-des-erbfalles\">Otwarcie spadku<\/h3>\n\n\n\n<ul id=\"block-ccedcdec-40f6-4dd4-9064-5f2f97a1ed2e\" class=\"wp-block-list icon\">\n<li>Post\u0119powanie spadkowe<\/li>\n\n\n\n<li>Ustawowe prawo spadkowe<\/li>\n\n\n\n<li>Prawo do zachowku<\/li>\n\n\n\n<li>O\u015bwiadczenie o przyj\u0119ciu spadku<\/li>\n\n\n\n<li>Odrzucenie spadku<\/li>\n\n\n\n<li>Spory spadkowe<\/li>\n\n\n\n<li>Zapis opieku\u0144czy<\/li>\n\n\n\n<li>Przestrze\u0144 mieszkalna<\/li>\n\n\n\n<li>D\u0142ugi<\/li>\n<\/ul>\n<\/div>\n<\/div>\n\n<div class=\"wp-block-columns\">\n<div class=\"wp-block-column mr-column-lightgrey\">\n<h3 class=\"wp-block-heading\" id=\"h-internationale-erbsachen\">Mi\u0119dzynarodowe sprawy spadkowe<\/h3>\n\n\n\n<ul id=\"block-ccedcdec-40f6-4dd4-9064-5f2f97a1ed2e\" class=\"wp-block-list icon\">\n<li>W\u0142a\u015bciwo\u015b\u0107<\/li>\n\n\n\n<li>Prawo w\u0142a\u015bciwe<\/li>\n\n\n\n<li>Maj\u0105tek za granic\u0105<\/li>\n\n\n\n<li>Podatek od spadk\u00f3w<\/li>\n\n\n\n<li>Podatek od darowizn<\/li>\n\n\n\n<li>Europejskie po\u015bwiadczenie spadkowe<\/li>\n\n\n\n<li>Post\u0119powanie o wydanie spadku<\/li>\n<\/ul>\n<\/div>\n\n\n\n<div class=\"wp-block-column mr-column-lightgrey\">\n<h3 class=\"wp-block-heading\" id=\"h-vorsorge\">Profilaktyka<\/h3>\n\n\n\n<ul id=\"block-ccedcdec-40f6-4dd4-9064-5f2f97a1ed2e\" class=\"wp-block-list icon\">\n<li>Pe\u0142nomocnictwo<\/li>\n\n\n\n<li>Dyrektywa dotycz\u0105ca pacjenta<\/li>\n<\/ul>\n<\/div>\n<\/div>\n    <div class=\"mr-quote mrbg clearfix\">\n        <a class=\"mr-quote-person\" href=\"\/ueber-uns\/rechtsanwalt-peter-harlander\/\" title=\"Rechtsanwalt Peter Harlander\">\n            <img decoding=\"async\" class=\"mr-quote-person-img\" src=\"https:\/\/harlander-partner.eu\/wp-content\/themes\/harlander\/design\/ph100.webp\" width=\"100\"\n                 height=\"100\" loading=\"lazy\" alt=\"Rechtsanwalt Peter Harlander\">\n            <span class=\"mr-quote-person-text\">\n            Peter Harlander<br>\n            <span class=\"mr-quote-person-function\">Harlander &amp; Partner Rechtsanw\u00e4lte<\/span>\n        <\/span>\n        <\/a>\n        <span class=\"mr-quote-content\">\u201eF\u00fcr uns ist es selbstverst\u00e4ndlich, dass Sie einen <strong>pers\u00f6nlichen Ansprechpartner<\/strong> erhalten, der Sie st\u00e4ndig betreut. So ist gew\u00e4hrleistet, dass wir unsere KlientInnen detailliert kennen und st\u00e4ndig einen fundierten \u00dcberblick \u00fcber die Situation haben.\u201c<\/span>\n    <\/div>\n<a class=\"mr-cta-link mr-cta-button-cal\" href=\"#h2-booking\" title=\"Bezp\u0142atna konsultacja\"><span class=\"mr-cta-link-normal\">Wybierz dogodny termin teraz:<\/span><span class=\"mr-cta-link-bold\">Bezp\u0142atna konsultacja<\/span><\/a>\n\n<h2 class=\"wp-block-heading\">Transparentne koszty<\/h2>\n\n<p class=\"wp-block-paragraph\">Ju\u017c w ramach naszej <strong>bezp\u0142atnej wst\u0119pnej konsultacji<\/strong> przedstawiamy Pa\u0144stwu przegl\u0105d spodziewanych koszt\u00f3w.<\/p>\n\n<p class=\"wp-block-paragraph\">Rozliczenie naszych us\u0142ug mo\u017ce odbywa\u0107 si\u0119 wed\u0142ug <strong>taryfy adwokackiej<\/strong>, wed\u0142ug <strong>nak\u0142adu czasu<\/strong> lub w <strong>formie rycza\u0142tu<\/strong>. Metoda, kt\u00f3ra zostanie zastosowana, zale\u017cy od sprawy prawnej i jest uzgadniana z g\u00f3ry z Pa\u0144stwem lub Pa\u0144stwa <strong>ubezpieczeniem ochrony prawnej<\/strong>. <\/p>\n\n<p class=\"wp-block-paragraph\"><strong>Spadkobiercom, zapisobiercom i osobom uprawnionym do zachowku<\/strong> oferujemy <strong>wst\u0119pne kroki<\/strong> w celu ustalenia, czy w og\u00f3le istnieje znacz\u0105cy maj\u0105tek, <strong>w formie korzystnego rycza\u0142tu<\/strong>. Dzi\u0119ki temu mog\u0105 Pa\u0144stwo od pocz\u0105tku oceni\u0107, czy dalsze kroki w og\u00f3le si\u0119 op\u0142acaj\u0105. <\/p>\n\n<h2 class=\"wp-block-heading\" id=\"h-kostenloses-erstgesprach\">Bezp\u0142atna wst\u0119pna konsultacja<\/h2>\n\n<p class=\"wp-block-paragraph\">Skorzystaj z naszej bezp\u0142atnej wst\u0119pnej konsultacji, aby nas pozna\u0107 i porozmawia\u0107 o w\u0142a\u015bciwym sposobie post\u0119powania w Twojej sprawie.<\/p>\n    <div class=\"mr-quote mrbg clearfix\">\n        <a class=\"mr-quote-person\" href=\"\/ueber-uns\/rechtsanwalt-sebastian-riedlmair\/\" title=\"Rechtsanwalt Sebastian Riedlmair\">\n            <img decoding=\"async\" class=\"mr-quote-person-img\" src=\"https:\/\/harlander-partner.eu\/wp-content\/themes\/harlander\/design\/sr100.webp\" width=\"100\"\n                 height=\"100\" loading=\"lazy\" alt=\"Rechtsanwalt Sebastian Riedlmair\">\n            <span class=\"mr-quote-person-text\">\n            Sebastian Riedlmair<br>\n            <span class=\"mr-quote-person-function\">Harlander &amp; Partner Rechtsanw\u00e4lte<\/span>\n        <\/span>\n        <\/a>\n        <span class=\"mr-quote-content\">\u201eW\u00e4hlen Sie jetzt in unserem <strong>Online-Kalender<\/strong> ihren <strong>pers\u00f6nlichen Wunschtermin<\/strong> aus.<br><br>Wir freuen uns auf Sie!\u201c<\/span>\n    <\/div>\n<a class=\"mr-cta-link mr-cta-button-cal\" href=\"#h2-booking\" title=\"Bezp\u0142atna konsultacja\"><span class=\"mr-cta-link-normal\">Wybierz dogodny termin teraz:<\/span><span class=\"mr-cta-link-bold\">Bezp\u0142atna konsultacja<\/span><\/a>\n","protected":false},"excerpt":{"rendered":"Adwokaci specjalizuj\u0105cy si\u0119 w prawie spadkowym Wspieramy od 1953 roku spadkodawc\u00f3w, spadkobierc\u00f3w, zapisobierc\u00f3w i osoby uprawnione do zachowku we wszystkich kwestiach zwi\u0105zanych z austriackim i mi\u0119dzynarodowym prawem spadkowym. Obecnie czwarte &#8230;","protected":false},"author":1,"featured_media":0,"comment_status":"closed","ping_status":"closed","sticky":false,"template":"","format":"standard","meta":{"_acf_changed":false,"_uag_custom_page_level_css":"","footnotes":""},"categories":[503,514],"tags":[],"class_list":["post-34501","post","type-post","status-publish","format-standard","hentry","category-prawo-spadkowe-i-zabezpieczenie","category-strony-docelowe"],"acf":[],"uagb_featured_image_src":{"full":false,"thumbnail":false,"medium":false,"medium_large":false,"large":false,"1536x1536":false,"2048x2048":false,"336x":false,"352x":false,"woocommerce_thumbnail":false,"woocommerce_single":false,"woocommerce_gallery_thumbnail":false,"yarpp-thumbnail":false},"uagb_author_info":{"display_name":"Peter Harlander","author_link":"https:\/\/harlander-partner.eu\/pl\/author\/secondpromotion\/"},"uagb_comment_info":0,"uagb_excerpt":"Adwokaci specjalizuj\u0105cy si\u0119 w prawie spadkowym Wspieramy od 1953 roku spadkodawc\u00f3w, spadkobierc\u00f3w, zapisobierc\u00f3w i osoby uprawnione do zachowku we wszystkich kwestiach zwi\u0105zanych z austriackim i mi\u0119dzynarodowym prawem spadkowym. Obecnie czwarte ...","_links":{"self":[{"href":"https:\/\/harlander-partner.eu\/pl\/wp-json\/wp\/v2\/posts\/34501","targetHints":{"allow":["GET"]}}],"collection":[{"href":"https:\/\/harlander-partner.eu\/pl\/wp-json\/wp\/v2\/posts"}],"about":[{"href":"https:\/\/harlander-partner.eu\/pl\/wp-json\/wp\/v2\/types\/post"}],"author":[{"embeddable":true,"href":"https:\/\/harlander-partner.eu\/pl\/wp-json\/wp\/v2\/users\/1"}],"replies":[{"embeddable":true,"href":"https:\/\/harlander-partner.eu\/pl\/wp-json\/wp\/v2\/comments?post=34501"}],"version-history":[{"count":0,"href":"https:\/\/harlander-partner.eu\/pl\/wp-json\/wp\/v2\/posts\/34501\/revisions"}],"wp:attachment":[{"href":"https:\/\/harlander-partner.eu\/pl\/wp-json\/wp\/v2\/media?parent=34501"}],"wp:term":[{"taxonomy":"category","embeddable":true,"href":"https:\/\/harlander-partner.eu\/pl\/wp-json\/wp\/v2\/categories?post=34501"},{"taxonomy":"post_tag","embeddable":true,"href":"https:\/\/harlander-partner.eu\/pl\/wp-json\/wp\/v2\/tags?post=34501"}],"curies":[{"name":"wp","href":"https:\/\/api.w.org\/{rel}","templated":true}]}}