{"id":53067,"date":"2022-09-15T09:08:48","date_gmt":"2022-09-15T07:08:48","guid":{"rendered":"https:\/\/harlander-partner.eu\/adam-riese\/"},"modified":"2025-11-25T15:58:56","modified_gmt":"2025-11-25T14:58:56","slug":"adam-riese","status":"publish","type":"post","link":"https:\/\/harlander-partner.eu\/hu\/adam-riese\/","title":{"rendered":"Adam Riese"},"content":{"rendered":"\n<h2 class=\"wp-block-heading\" id=\"h-adam-riese\">Adam Riese<\/h2>\n\n<p class=\"wp-block-paragraph\">\u00d6n az <strong>Adam Riese<\/strong>-n\u00e9l biztos\u00edtott?<\/p>\n\n<p class=\"wp-block-paragraph\">Akkor j\u00f3 helyen j\u00e1r n\u00e1lunk!<\/p>\n\n<h2 class=\"wp-block-heading\">Harlander &amp; Partner Rechtsanw\u00e4lte<\/h2>\n\n<p class=\"wp-block-paragraph\">A Harlander &amp; Partner Rechtsanw\u00e4lte GmbH az Adam Riese <strong>partnere<\/strong> <strong>Ausztri\u00e1ban<\/strong>.<\/p>\n\n<p class=\"wp-block-paragraph\">\u00dcgyv\u00e9di irod\u00e1nk <strong>1953 \u00f3ta<\/strong> m\u0171k\u00f6dik, \u00e9s <strong>Ausztri\u00e1ban \u00e9s N\u00e9metorsz\u00e1gban is enged\u00e9lyezett<\/strong>. \u00dcgyv\u00e9deink ismerik a jogrendszerek k\u00f6z\u00f6tti k\u00fcl\u00f6nbs\u00e9geket. Ez\u00e9rt k\u00fcl\u00f6n\u00f6sen alkalmasak vagyunk \u201eford\u00edt\u00f3k\u00e9nt\u201d <strong>n\u00e9met \u00fcgyfelek<\/strong> sz\u00e1m\u00e1ra, akiknek Ausztri\u00e1ban van jogi \u00fcgy\u00fck.  <\/p>\n\n<h2 class=\"wp-block-heading\">Els\u0151 jogi tan\u00e1csad\u00e1s<\/h2>\n\n<p class=\"wp-block-paragraph\">Jogi probl\u00e9m\u00e1k a gy\u00f6ny\u00f6r\u0171 Ausztri\u00e1ban. Esetleg sok \u00f3r\u00e1nyi aut\u00f3\u00fatra a saj\u00e1t n\u00e9metorsz\u00e1gi lak\u00f3hely\u00e9t\u0151l. \u0150szint\u00e9n sz\u00f3lva \u2013 ilyesmit senki sem k\u00edv\u00e1n.  <\/p>\n\n<p class=\"wp-block-paragraph\"><strong>Ne agg\u00f3djon<\/strong>. Adam Riese \u00e9s \u00fcgyv\u00e9djeink sz\u00edvesen seg\u00edtenek \u00d6nnek. Adam Riese biztos\u00edtottjak\u00e9nt \u00d6n jogosult egy <strong>els\u0151 jogi tan\u00e1csad\u00e1sra<\/strong> az \u00d6n jogi \u00fcgy\u00e9ben a <strong>helyes elj\u00e1r\u00e1s tiszt\u00e1z\u00e1s\u00e1ra<\/strong>.  <\/p>\n\n<p class=\"wp-block-paragraph\"><strong>Utaz\u00e1s az \u00fcgyv\u00e9dhez?<\/strong> Ez nem sz\u00fcks\u00e9ges. Minden <strong>tan\u00e1csad\u00e1s<\/strong> <strong>vide\u00f3konferencia<\/strong> \u00fatj\u00e1n is lehets\u00e9ges. \u00cdgy minden k\u00e9rd\u00e9s\u00e9t szem\u00e9lyesen teheti fel, an\u00e9lk\u00fcl, hogy hossz\u00fa utat kellene megtennie.  <\/p>\n\n<p class=\"wp-block-paragraph\"><strong>T\u00fal modern?<\/strong> Alternat\u00edvak\u00e9nt term\u00e9szetesen <strong>telefonbesz\u00e9lget\u00e9sek<\/strong> vagy <strong>helysz\u00edni tal\u00e1lkoz\u00f3k<\/strong> is lehets\u00e9gesek Ausztri\u00e1ban tal\u00e1lhat\u00f3 n\u00e9gy fi\u00f3kunk egyik\u00e9ben.<\/p>\n\n<h2 class=\"wp-block-heading\" id=\"h-rechtsvertretung\">Jogi k\u00e9pviselet<\/h2>\n\n<p class=\"wp-block-paragraph\">Term\u00e9szetesen v\u00e1llaljuk tov\u00e1bbi <strong>jogi k\u00e9pviselet\u00e9t<\/strong> is.<\/p>\n\n<p class=\"wp-block-paragraph\">Ennek sor\u00e1n mi int\u00e9zz\u00fck \u00d6nnek a fedezetk\u00e9rd\u00e9st az Adam Riese-n\u00e9l, rendszeresen t\u00e1j\u00e9koztatjuk az Adam Riese-t az elj\u00e1r\u00e1s \u00e1ll\u00e1s\u00e1r\u00f3l, \u00e9s k\u00f6zvetlen\u00fcl az Adam Riese-vel sz\u00e1molunk el.<\/p>\n","protected":false},"excerpt":{"rendered":"Adam Riese \u00d6n az Adam Riese-n\u00e9l biztos\u00edtott? Akkor j\u00f3 helyen j\u00e1r n\u00e1lunk! Harlander &amp; Partner Rechtsanw\u00e4lte A Harlander &amp; Partner Rechtsanw\u00e4lte GmbH az Adam Riese partnere Ausztri\u00e1ban. \u00dcgyv\u00e9di irod\u00e1nk 1953 &#8230;","protected":false},"author":1,"featured_media":0,"comment_status":"closed","ping_status":"open","sticky":false,"template":"","format":"standard","meta":{"_acf_changed":false,"_uag_custom_page_level_css":"","footnotes":""},"categories":[799],"tags":[],"class_list":["post-53067","post","type-post","status-publish","format-standard","hentry","category-landing-oldalak"],"acf":[],"uagb_featured_image_src":{"full":false,"thumbnail":false,"medium":false,"medium_large":false,"large":false,"1536x1536":false,"2048x2048":false,"336x":false,"352x":false,"woocommerce_thumbnail":false,"woocommerce_single":false,"woocommerce_gallery_thumbnail":false,"yarpp-thumbnail":false},"uagb_author_info":{"display_name":"Peter Harlander","author_link":"https:\/\/harlander-partner.eu\/hu\/author\/secondpromotion\/"},"uagb_comment_info":0,"uagb_excerpt":"Adam Riese \u00d6n az Adam Riese-n\u00e9l biztos\u00edtott? Akkor j\u00f3 helyen j\u00e1r n\u00e1lunk! Harlander &amp; Partner Rechtsanw\u00e4lte A Harlander &amp; Partner Rechtsanw\u00e4lte GmbH az Adam Riese partnere Ausztri\u00e1ban. \u00dcgyv\u00e9di irod\u00e1nk 1953 ...","_links":{"self":[{"href":"https:\/\/harlander-partner.eu\/hu\/wp-json\/wp\/v2\/posts\/53067","targetHints":{"allow":["GET"]}}],"collection":[{"href":"https:\/\/harlander-partner.eu\/hu\/wp-json\/wp\/v2\/posts"}],"about":[{"href":"https:\/\/harlander-partner.eu\/hu\/wp-json\/wp\/v2\/types\/post"}],"author":[{"embeddable":true,"href":"https:\/\/harlander-partner.eu\/hu\/wp-json\/wp\/v2\/users\/1"}],"replies":[{"embeddable":true,"href":"https:\/\/harlander-partner.eu\/hu\/wp-json\/wp\/v2\/comments?post=53067"}],"version-history":[{"count":0,"href":"https:\/\/harlander-partner.eu\/hu\/wp-json\/wp\/v2\/posts\/53067\/revisions"}],"wp:attachment":[{"href":"https:\/\/harlander-partner.eu\/hu\/wp-json\/wp\/v2\/media?parent=53067"}],"wp:term":[{"taxonomy":"category","embeddable":true,"href":"https:\/\/harlander-partner.eu\/hu\/wp-json\/wp\/v2\/categories?post=53067"},{"taxonomy":"post_tag","embeddable":true,"href":"https:\/\/harlander-partner.eu\/hu\/wp-json\/wp\/v2\/tags?post=53067"}],"curies":[{"name":"wp","href":"https:\/\/api.w.org\/{rel}","templated":true}]}}