{"id":90021,"date":"2024-11-20T07:00:00","date_gmt":"2024-11-20T06:00:00","guid":{"rendered":"https:\/\/harlander-partner.eu\/seo-a-mheid-a-gheobhaidh-tu-le-hoidhreacht-ma-fhaigheann-col-ceathrair-bas\/"},"modified":"2025-11-26T11:32:06","modified_gmt":"2025-11-26T10:32:06","slug":"seo-a-mheid-a-gheobhaidh-tu-le-hoidhreacht-ma-fhaigheann-col-ceathrair-bas","status":"publish","type":"post","link":"https:\/\/harlander-partner.eu\/ga\/seo-a-mheid-a-gheobhaidh-tu-le-hoidhreacht-ma-fhaigheann-col-ceathrair-bas\/","title":{"rendered":"Seo a mh\u00e9id a gheobhaidh t\u00fa le hoidhreacht m\u00e1 fhaigheann col ceathrair b\u00e1s"},"content":{"rendered":"\n<div class=\"wp-block-yoast-seo-table-of-contents yoast-table-of-contents\"><h2>An bhfaighidh t\u00fa oidhreacht m\u00e1 fhaigheann col ceathrair b\u00e1s?<\/h2><ul><li><a href=\"#h-erbschaft-nach-dem-tod-einer-cousine\" data-level=\"2\">Oidhreacht tar \u00e9is bh\u00e1s col ceathrair<\/a><\/li><li><a href=\"#h-erbrecht-der-cousins-und-cousinen\" data-level=\"2\">Dl\u00ed na hoidhreachta do chol ceathracha<\/a><\/li><li><a href=\"#h-testament-der-cousine\" data-level=\"2\">Uacht col ceathrair<\/a><\/li><li><a href=\"#h-vermachtnis-legat-der-cousine\" data-level=\"2\">Oidhreacht \/ Tiomnacht col ceathrair<\/a><\/li><li><a href=\"#h-schenkung-auf-den-todesfall-durch-die-cousine\" data-level=\"2\">Bronntanas mortis causa \u00f3n gcol ceathrair<\/a><\/li><li><a href=\"#h-pflegevermachtnis\" data-level=\"2\">Tiomnacht C\u00faraim<\/a><\/li><li><a href=\"#h-gesetzliche-erbefolge-nach-der-cousine\" data-level=\"2\">Comharbas reacht\u00fail tar \u00e9is bh\u00e1s an chol ceathrair<\/a><\/li><li><a href=\"#h-nacherbschaft\" data-level=\"2\">Comharbas iardain<\/a><\/li><li><a href=\"#beispiel-00-1\" data-level=\"2\">Comharbas ionaid<\/a><\/li><li><a href=\"#h-hohe-der-erbschaft\" data-level=\"2\">M\u00e9id na hOidhreachta<\/a><\/li><\/ul><\/div>\n\n<h2 class=\"wp-block-heading\" id=\"h-erbschaft-nach-dem-tod-einer-cousine\">Oidhreacht tar \u00e9is bh\u00e1s col ceathrair<\/h2>\n\n<p class=\"wp-block-paragraph\">An f\u00e9idir scair oidhreachta a fh\u00e1il i gc\u00e1s <strong>bh\u00e1s col ceathrair<\/strong>? M\u00e1s f\u00e9idir, c\u00e9 mh\u00e9ad a gheobhaidh t\u00fa? M\u00edn\u00edonn saineolaithe dl\u00ed na hoidhreachta \u00f3 Harlander &amp; Partner an r\u00e9iteach ar na ceisteanna seo.  <\/p>\n<div itemprop=\"dateline\" class=\"dateline\">Foilsithe ar  26.11.2025 von <a href=\"https:\/\/harlander-partner.eu\/rechtsanwalt-sebastian-riedlmair\/\" rel=\"author\" title=\"An tAturnae Mag. Peter Harlander\">An tAturnae Mag. Peter Harlander<\/a><\/div>\r\n\t<picture>\r\n\t\t<source srcset=\"https:\/\/harlander-partner.eu\/wp-content\/uploads\/erbrecht-2-352x198.webp\" media=\"(max-width: 360px)\" >\r\n\t\t<source srcset=\"https:\/\/harlander-partner.eu\/wp-content\/uploads\/erbrecht-2-800x450.webp\" media=\"(min-width: 361px)\" >\r\n\t\t<img decoding=\"async\" class=\"mr-picture-large\" src=\"https:\/\/harlander-partner.eu\/wp-content\/uploads\/erbrecht-2.webp\" alt=\"Dl\u00ed na hoidhreachta do chol ceathracha nuair a fhaigheann a gcol ceathrair b\u00e1s. R\u00e9amhriachtanais agus m\u00e9id na hoidhreachta nuair a fhaigheann an col ceathrair b\u00e1s.\" >\r\n\t<\/picture>\n<a class=\"mr-cta-link mr-cta-button-cal\" href=\"#h2-booking\" title=\"Comhairli\u00fach\u00e1n Tosaigh Saor in Aisce\"><span class=\"mr-cta-link-normal\">Roghnaigh an d\u00e1ta is fearr leat anois:<\/span><span class=\"mr-cta-link-bold\">Comhairli\u00fach\u00e1n Tosaigh Saor in Aisce<\/span><\/a>\n\n<h2 class=\"wp-block-heading\" id=\"h-erbrecht-der-cousins-und-cousinen\">Dl\u00ed na hoidhreachta do chol ceathracha<\/h2>\n\n<p class=\"wp-block-paragraph\">I gc\u00e1s bh\u00e1s col ceathrair, n\u00ed fhaigheann t\u00fa oidhreacht go huathoibr\u00edoch. Mar sin f\u00e9in, t\u00e1 roinnt beala\u00ed ann chun cuid den oidhreacht n\u00f3 fi\u00fa an oidhreacht ioml\u00e1n a fh\u00e1il. <\/p>\n\n<h2 class=\"wp-block-heading\" id=\"h-testament-der-cousine\">Uacht col ceathrair<\/h2>\n\n<p class=\"wp-block-paragraph\">M\u00e1 t\u00e1 uacht d\u00e9anta ag an gcol ceathrair, f\u00e9adfaidh s\u00ed a col ceathracha a chur san \u00e1ireamh san uacht. Ar an mbealach seo, de r\u00e9ir toil dheireanach an chol ceathrair, is f\u00e9idir leat a bheith ina n-aon-oidhre ar an maoin ioml\u00e1n n\u00f3 sciar \u00e1irithe a fh\u00e1il (e.g. leath, ceathr\u00fa). <\/p>\n\n<h2 class=\"wp-block-heading\" id=\"h-vermachtnis-legat-der-cousine\">Oidhreacht \/ Tiomnacht col ceathrair<\/h2>\n\n<p class=\"wp-block-paragraph\">Ina theannta sin, t\u00e1 an rogha ag an gcol ceathrair ruda\u00ed aonair (e.g. v\u00e1sa bl\u00e1thanna) n\u00f3 cearta (e.g. ceart c\u00f3naithe ina teach) a fh\u00e1g\u00e1il d\u00e1 col ceathracha mar oidhreacht.<\/p>\n\n<h2 class=\"wp-block-heading\" id=\"h-schenkung-auf-den-todesfall-durch-die-cousine\">Bronntanas mortis causa \u00f3n gcol ceathrair<\/h2>\n\n<p class=\"wp-block-paragraph\">I gc\u00e1s bronntanas mortis causa, geallann an col ceathrair d\u00e1 col ceathracha cuid \u00e1irithe d\u00e1 s\u00f3cmhainn\u00ed a aistri\u00fa mar bhronntanas i gc\u00e1s a mb\u00e1is. N\u00ed thagann an bronntanas i bhfeidhm ach amh\u00e1in nuair a fhaigheann s\u00ed b\u00e1s. <\/p>\n\n<p class=\"wp-block-paragraph\">Murab ionann agus di\u00fascairt dheireanach tr\u00ed uacht n\u00f3 oidhreacht, a bhf\u00e9adfadh an col ceathrair a athr\u00fa ag am ar bith, t\u00e1 an col ceathrair f\u00e9in faoi cheangal ag an mbronntanas mortis causa. Is conradh dh\u00e1 thaobh ceangailteach \u00e9 an bronntanas mortis causa nach f\u00e9idir a ch\u00falghairm a thuilleadh go haontaobhach. <\/p>\n<a class=\"mr-cta-link mr-cta-button-cal\" href=\"#h2-booking\" title=\"Comhairli\u00fach\u00e1n Tosaigh Saor in Aisce\"><span class=\"mr-cta-link-normal\">Roghnaigh an d\u00e1ta is fearr leat anois:<\/span><span class=\"mr-cta-link-bold\">Comhairli\u00fach\u00e1n Tosaigh Saor in Aisce<\/span><\/a>\n\n<h2 class=\"wp-block-heading\" id=\"h-pflegevermachtnis\">Tiomnacht C\u00faraim<\/h2>\n\n<p class=\"wp-block-paragraph\">Is oidhreacht <strong>reacht\u00fail<\/strong> \u00ed an oidhreacht c\u00faraim. N\u00edl s\u00e9 bunaithe ar dhi\u00fascairt dheireanach an chol ceathrair nach maireann, ach go heisiach ar an dl\u00ed. <\/p>\n\n<p class=\"wp-block-paragraph\">T\u00e1 col ceathracha i dteideal oidhreacht c\u00faraim m\u00e1 thug siad aire don chol ceathrair mar a leanas:<\/p>\n\n<ul class=\"wp-block-list\">\n<li><strong>le tr\u00ed bliana anuas<\/strong> roimh bh\u00e1s an chol ceathrair<\/li>\n\n\n\n<li>ar feadh <strong>s\u00e9 mh\u00ed ar a laghad<\/strong><\/li>\n\n\n\n<li>i <strong>m\u00e9id nach beag amh\u00e1in <\/strong>(de ghn\u00e1th n\u00edos m\u00f3 n\u00e1 20 uair sa mh\u00ed ar an me\u00e1n) <\/li>\n\n\n\n<li><strong>saor in aisce<\/strong> (gan chomaoin)<\/li>\n<\/ul>\n\n<h2 class=\"wp-block-heading\" id=\"h-gesetzliche-erbefolge-nach-der-cousine\">Comharbas reacht\u00fail tar \u00e9is bh\u00e1s an chol ceathrair<\/h2>\n\n<p class=\"wp-block-paragraph\">Mura bhfuil uacht d\u00e9anta ag an gcol ceathrair, tagann an comharbas reacht\u00fail i bhfeidhm. Mar sin f\u00e9in, n\u00ed thagann a col ceathracha i gceist faoin gcomharbas reacht\u00fail ach amh\u00e1in mura bhfuil na daoine seo a leanas (c\u00e9ile agus gaolta gar an chol ceathrair nach maireann) ann, m\u00e1 t\u00e1 siad tar \u00e9is bh\u00e1is cheana f\u00e9in n\u00f3 m\u00e1 t\u00e1 siad eisiata go dleathach \u00f3n oidhreacht: <\/p>\n\n<ul class=\"wp-block-list\">\n<li>C\u00e9ile an duine \u00e9agtha<\/li>\n\n\n\n<li>Leana\u00ed an duine \u00e9agtha<\/li>\n\n\n\n<li>Garmhac an duine \u00e9agtha<\/li>\n\n\n\n<li>Sin-garmhac an duine \u00e9agtha<\/li>\n\n\n\n<li>Tuismitheoir\u00ed an duine \u00e9agtha<\/li>\n\n\n\n<li>Dearth\u00e1ireacha agus deirfi\u00faracha an duine \u00e9agtha<\/li>\n\n\n\n<li>Nianna agus Neachtanna an duine \u00e9agtha<\/li>\n\n\n\n<li>Seantuismitheoir\u00ed an duine \u00e9agtha<\/li>\n\n\n\n<li>Aint\u00edn\u00ed agus Uncail an duine \u00e9agtha<\/li>\n<\/ul>\n\n<h2 class=\"wp-block-heading\" id=\"h-nacherbschaft\">Comharbas iardain<\/h2>\n\n<p class=\"wp-block-paragraph\">I gc\u00e1s iarchomharbais, ceapann an duine \u00e9agtha duine eile mar oidhre, <strong>an t-iarchomharba<\/strong>. Faigheann s\u00e9 seo na s\u00f3cmhainn\u00ed tar \u00e9is an ch\u00e9ad oidhre a cheapadh. <\/p>\n\n<p class=\"wp-block-paragraph\">M\u00e1 t\u00e1 an col ceathrair ainmnithe mar oidhre i ndi\u00fascairt dheireanach n\u00edos luaithe agus na col ceathracha mar oidhre comharbais tar \u00e9is bh\u00e1s an chol ceathrair, tagann na col ceathracha i gceist nuair a fhaigheann an col ceathrair b\u00e1s. Ag brath ar an gcine\u00e1l oidhreachta comharbais, gheobhaidh siad ansin an oidhreacht ioml\u00e1n bhunaidh n\u00f3 ach an chuid nach bhfuil caite ag an gcol ceathrair. <\/p>\n\n<h2 class=\"wp-block-heading\" id=\"beispiel-00-1\">Comharbas ionaid<\/h2>\n\n<p class=\"wp-block-paragraph\">Agus uacht \u00e1 dr\u00e9acht\u00fa, ba cheart oidhre ionaid a ainmni\u00fa i gc\u00f3na\u00ed. Tagann an t-oidhre ionaid i gceist ansin mura f\u00e9idir leis an oidhre a ceapadh oidhreacht a fh\u00e1il n\u00f3 m\u00e1 dhi\u00falta\u00edonn s\u00e9 don oidhreacht. <\/p>\n\n<p class=\"wp-block-paragraph\">M\u00e1 t\u00e1 an col ceathrair ainmnithe mar oidhre duine at\u00e1 tar \u00e9is bh\u00e1is cheana f\u00e9in n\u00f3 a dhi\u00falta\u00edonn an oidhreacht, agus na col ceathracha mar oidhre ionaid, ansin tagann siad i gceist freisin nuair a fhaigheann an col ceathrair b\u00e1s.<\/p>\n\n<h2 class=\"wp-block-heading\" id=\"h-hohe-der-erbschaft\">M\u00e9id na hOidhreachta<\/h2>\n\n<p class=\"wp-block-paragraph\">Braitheann m\u00e9id na hoidhreachta n\u00f3 luach na hoidhreachta a fhaigheann na col ceathracha ar deireadh thiar n\u00ed hamh\u00e1in ar sh\u00f3cmhainn\u00ed an chol ceathrair, ach freisin ar l\u00edon na n-oidhr\u00ed eile, na dtiomnaithe agus na ndaoine at\u00e1 i dteideal scair \u00e9igeantach.<\/p>\n    <div class=\"mr-quote mrbg clearfix\">\n        <a class=\"mr-quote-person\" href=\"\/ueber-uns\/rechtsanwalt-sebastian-riedlmair\/\" title=\"Rechtsanwalt Sebastian Riedlmair\">\n            <img decoding=\"async\" class=\"mr-quote-person-img\" src=\"https:\/\/harlander-partner.eu\/wp-content\/themes\/harlander\/design\/sr100.webp\" width=\"100\"\n                 height=\"100\" loading=\"lazy\" alt=\"Rechtsanwalt Sebastian Riedlmair\">\n            <span class=\"mr-quote-person-text\">\n            Sebastian Riedlmair<br>\n            <span class=\"mr-quote-person-function\">Harlander &amp; Partner Rechtsanw\u00e4lte<\/span>\n        <\/span>\n        <\/a>\n        <span class=\"mr-quote-content\">\u201eAnwaltliche Unterst\u00fctzung rechnet sich im Erbfall fast immer. Unsere Rechtsanw\u00e4lte f\u00fcr unsere Mandanten stellen sicher, dass keine Anspr\u00fcche \u00fcbersehen oder zu gering bewertet werden.\u201c<\/span>\n    <\/div>\n<a class=\"mr-cta-link mr-cta-button-cal\" href=\"#h2-booking\" title=\"Comhairli\u00fach\u00e1n Tosaigh Saor in Aisce\"><span class=\"mr-cta-link-normal\">Roghnaigh an d\u00e1ta is fearr leat anois:<\/span><span class=\"mr-cta-link-bold\">Comhairli\u00fach\u00e1n Tosaigh Saor in Aisce<\/span><\/a>\n","protected":false},"excerpt":{"rendered":"Oidhreacht tar \u00e9is bh\u00e1s col ceathrair An f\u00e9idir scair oidhreachta a fh\u00e1il i gc\u00e1s bh\u00e1s col ceathrair? M\u00e1s f\u00e9idir, c\u00e9 mh\u00e9ad a gheobhaidh t\u00fa? M\u00edn\u00edonn saineolaithe dl\u00ed na hoidhreachta \u00f3 &#8230;","protected":false},"author":1,"featured_media":90028,"comment_status":"closed","ping_status":"closed","sticky":false,"template":"","format":"standard","meta":{"_acf_changed":false,"_uag_custom_page_level_css":"","footnotes":""},"categories":[1136,1167],"tags":[],"class_list":["post-90021","post","type-post","status-publish","format-standard","has-post-thumbnail","hentry","category-dli-oidhreachta-forail","category-leideanna-dli-nuacht"],"acf":[],"uagb_featured_image_src":{"full":["https:\/\/harlander-partner.eu\/wp-content\/uploads\/erbrecht-2.webp",1920,1080,false],"thumbnail":["https:\/\/harlander-partner.eu\/wp-content\/uploads\/erbrecht-2-100x100.webp",100,100,true],"medium":["https:\/\/harlander-partner.eu\/wp-content\/uploads\/erbrecht-2-800x450.webp",800,450,true],"medium_large":["https:\/\/harlander-partner.eu\/wp-content\/uploads\/erbrecht-2.webp",1920,1080,false],"large":["https:\/\/harlander-partner.eu\/wp-content\/uploads\/erbrecht-2.webp",1920,1080,false],"1536x1536":["https:\/\/harlander-partner.eu\/wp-content\/uploads\/erbrecht-2.webp",1536,864,false],"2048x2048":["https:\/\/harlander-partner.eu\/wp-content\/uploads\/erbrecht-2.webp",1920,1080,false],"336x":["https:\/\/harlander-partner.eu\/wp-content\/uploads\/erbrecht-2-336x189.webp",336,189,true],"352x":["https:\/\/harlander-partner.eu\/wp-content\/uploads\/erbrecht-2-352x198.webp",352,198,true],"woocommerce_thumbnail":["https:\/\/harlander-partner.eu\/wp-content\/uploads\/erbrecht-2-300x300.webp",300,300,true],"woocommerce_single":["https:\/\/harlander-partner.eu\/wp-content\/uploads\/erbrecht-2-600x338.webp",600,338,true],"woocommerce_gallery_thumbnail":["https:\/\/harlander-partner.eu\/wp-content\/uploads\/erbrecht-2-100x100.webp",100,100,true],"yarpp-thumbnail":["https:\/\/harlander-partner.eu\/wp-content\/uploads\/erbrecht-2-120x120.webp",120,120,true]},"uagb_author_info":{"display_name":"Peter Harlander","author_link":"https:\/\/harlander-partner.eu\/ga\/author\/secondpromotion\/"},"uagb_comment_info":0,"uagb_excerpt":"Oidhreacht tar \u00e9is bh\u00e1s col ceathrair An f\u00e9idir scair oidhreachta a fh\u00e1il i gc\u00e1s bh\u00e1s col ceathrair? M\u00e1s f\u00e9idir, c\u00e9 mh\u00e9ad a gheobhaidh t\u00fa? M\u00edn\u00edonn saineolaithe dl\u00ed na hoidhreachta \u00f3 ...","_links":{"self":[{"href":"https:\/\/harlander-partner.eu\/ga\/wp-json\/wp\/v2\/posts\/90021","targetHints":{"allow":["GET"]}}],"collection":[{"href":"https:\/\/harlander-partner.eu\/ga\/wp-json\/wp\/v2\/posts"}],"about":[{"href":"https:\/\/harlander-partner.eu\/ga\/wp-json\/wp\/v2\/types\/post"}],"author":[{"embeddable":true,"href":"https:\/\/harlander-partner.eu\/ga\/wp-json\/wp\/v2\/users\/1"}],"replies":[{"embeddable":true,"href":"https:\/\/harlander-partner.eu\/ga\/wp-json\/wp\/v2\/comments?post=90021"}],"version-history":[{"count":0,"href":"https:\/\/harlander-partner.eu\/ga\/wp-json\/wp\/v2\/posts\/90021\/revisions"}],"wp:featuredmedia":[{"embeddable":true,"href":"https:\/\/harlander-partner.eu\/ga\/wp-json\/wp\/v2\/media\/90028"}],"wp:attachment":[{"href":"https:\/\/harlander-partner.eu\/ga\/wp-json\/wp\/v2\/media?parent=90021"}],"wp:term":[{"taxonomy":"category","embeddable":true,"href":"https:\/\/harlander-partner.eu\/ga\/wp-json\/wp\/v2\/categories?post=90021"},{"taxonomy":"post_tag","embeddable":true,"href":"https:\/\/harlander-partner.eu\/ga\/wp-json\/wp\/v2\/tags?post=90021"}],"curies":[{"name":"wp","href":"https:\/\/api.w.org\/{rel}","templated":true}]}}