{"id":89203,"date":"2023-06-24T11:39:42","date_gmt":"2023-06-24T09:39:42","guid":{"rendered":"https:\/\/harlander-partner.eu\/imeachtai-coiriula-san-ostair\/"},"modified":"2026-06-14T00:17:00","modified_gmt":"2026-06-13T22:17:00","slug":"imeachtai-coiriula-san-ostair","status":"publish","type":"post","link":"https:\/\/harlander-partner.eu\/ga\/imeachtai-coiriula-san-ostair\/","title":{"rendered":"Imeachta\u00ed coiri\u00fala san Ostair"},"content":{"rendered":"\n<h2 class=\"wp-block-heading\" id=\"h-strafverfahren-in-osterreich\">Imeachta\u00ed coiri\u00fala san Ostair<\/h2>\n\n<p class=\"wp-block-paragraph\">T\u00e1 \u00e1r ngn\u00f3lacht dl\u00ed ann \u00f3 <strong>1953<\/strong>. T\u00e1imid cl\u00e1raithe mar <strong>chosant\u00f3ir\u00ed coiri\u00fala<\/strong> san <strong>Ostair<\/strong> agus sa <strong>Ghearm\u00e1in<\/strong>. <\/p>\n    <div class=\"mr-quote mrbg clearfix\">\n        <a class=\"mr-quote-person\" href=\"\/ueber-uns\/rechtsanwalt-peter-harlander\/\" title=\"Rechtsanwalt Peter Harlander\">\n            <img decoding=\"async\" class=\"mr-quote-person-img\" src=\"https:\/\/harlander-partner.eu\/wp-content\/themes\/harlander\/design\/ph100.webp\" width=\"100\"\n                 height=\"100\" loading=\"lazy\" alt=\"Rechtsanwalt Peter Harlander\">\n            <span class=\"mr-quote-person-text\">\n            Peter Harlander<br>\n            <span class=\"mr-quote-person-function\">Harlander &amp; Partner Rechtsanw\u00e4lte<\/span>\n        <\/span>\n        <\/a>\n        <span class=\"mr-quote-content\">\u201eT\u00e1 \u00e1r r\u00e1ta ratha maidir le c\u00e1sanna a fh\u00e1il ar fionra\u00ed, neamhchiontach a fh\u00e1il n\u00f3 ar a laghad pianbhreitheanna an-\u00e9adroma a fh\u00e1il thar a bheith ard.\u201c<\/span>\n    <\/div>\n<a class=\"mr-cta-link mr-cta-button-cal\" href=\"#h2-booking\" title=\"Comhairli\u00fach\u00e1n Tosaigh Saor in Aisce\"><span class=\"mr-cta-link-normal\">Roghnaigh an d\u00e1ta is fearr leat anois:<\/span><span class=\"mr-cta-link-bold\">Comhairli\u00fach\u00e1n Tosaigh Saor in Aisce<\/span><\/a>\n\n<h2 class=\"wp-block-heading\" id=\"h-strafrecht-und-verwaltungsstrafrecht\">Dl\u00ed coiri\u00fail agus dl\u00ed riarach\u00e1in coiri\u00fail<\/h2>\n\n<p class=\"wp-block-paragraph\">Taca\u00edonn \u00e1r <strong>chosant\u00f3ir\u00ed coiri\u00fala<\/strong> leat le gach <strong>cion oifigi\u00fail<\/strong> coiri\u00fail agus <strong>cionta pr\u00edobh\u00e1ideacha<\/strong> chomh maith le gach <strong>c\u00e1s coiri\u00fail riarach\u00e1in<\/strong> os comhair gach c\u00fairte agus \u00fadar\u00e1is san Ostair.<\/p>\n\n<div class=\"wp-block-columns\">\n<div class=\"wp-block-column mr-column-lightgrey\">\n<h3 class=\"wp-block-heading\" id=\"h-strafverfahren\">Imeachta\u00ed coiri\u00fala<\/h3>\n\n\n\n<ul class=\"wp-block-list icon\">\n<li>Rochtain ar chomhaid<\/li>\n\n\n\n<li>Tionlacan le linn an imscr\u00fadaithe<\/li>\n\n\n\n<li>Ionada\u00edocht os comhair na bp\u00f3il\u00edn\u00ed<\/li>\n\n\n\n<li>Ionada\u00edocht os comhair na hionch\u00faiseamh poibl\u00ed<\/li>\n\n\n\n<li>Ag\u00f3id i gcoinne an d\u00edot\u00e1il<\/li>\n\n\n\n<li>Ionada\u00edocht sa phr\u00edomhimeacht dl\u00ed<\/li>\n\n\n\n<li>Achomharc neamhn\u00ed agus achomharc<\/li>\n<\/ul>\n<\/div>\n\n\n\n<div class=\"wp-block-column mr-column-lightgrey\">\n<h3 class=\"wp-block-heading\" id=\"h-haft\">Coinne\u00e1il<\/h3>\n\n\n\n<ul id=\"block-ccedcdec-40f6-4dd4-9064-5f2f97a1ed2e\" class=\"wp-block-list icon\">\n<li>Iarratas ar shrian r\u00fait\u00edn<\/li>\n\n\n\n<li>Iarratas ar iarchur coinne\u00e1la<\/li>\n\n\n\n<li>Iarratas ar bhriseadh coinne\u00e1la<\/li>\n\n\n\n<li>Iarratas ar scaoileadh saor<\/li>\n\n\n\n<li>Iarratas ar aistri\u00fa abhaile<\/li>\n<\/ul>\n<\/div>\n<\/div>\n    <div class=\"mr-quote mrbg clearfix\">\n        <a class=\"mr-quote-person\" href=\"\/ueber-uns\/rechtsanwalt-sebastian-riedlmair\/\" title=\"Rechtsanwalt Sebastian Riedlmair\">\n            <img decoding=\"async\" class=\"mr-quote-person-img\" src=\"https:\/\/harlander-partner.eu\/wp-content\/themes\/harlander\/design\/sr100.webp\" width=\"100\"\n                 height=\"100\" loading=\"lazy\" alt=\"Rechtsanwalt Sebastian Riedlmair\">\n            <span class=\"mr-quote-person-text\">\n            Sebastian Riedlmair<br>\n            <span class=\"mr-quote-person-function\">Harlander &amp; Partner Rechtsanw\u00e4lte<\/span>\n        <\/span>\n        <\/a>\n        <span class=\"mr-quote-content\">\u201eIs saineolaithe iad \u00e1r n-aturnaetha ar dhl\u00ed coiri\u00fail agus ar n\u00f3s imeachta coiri\u00fail agus t\u00e1 taith\u00ed acu i ngach r\u00e9imse d&#8217;imeachta\u00ed coiri\u00fala.\u201c<\/span>\n    <\/div>\n<a class=\"mr-cta-link mr-cta-button-cal\" href=\"#h2-booking\" title=\"Comhairli\u00fach\u00e1n Tosaigh Saor in Aisce\"><span class=\"mr-cta-link-normal\">Roghnaigh an d\u00e1ta is fearr leat anois:<\/span><span class=\"mr-cta-link-bold\">Comhairli\u00fach\u00e1n Tosaigh Saor in Aisce<\/span><\/a>\n\n<h3 class=\"wp-block-heading\" id=\"h-honorar\">T\u00e1ille Ghairmi\u00fail<\/h3>\n\n<p class=\"wp-block-paragraph\">D\u00e9antar \u00e1r seirbh\u00eds\u00ed a shocr\u00fa go <strong>pr\u00f3iseas coiri\u00fail<\/strong> i gc\u00f3na\u00ed de r\u00e9ir <strong>taraif aturnae<\/strong>. Le linn \u00e1r <strong>gc\u00e9ad chomhairli\u00fach\u00e1in saor in aisce<\/strong>, beimid s\u00e1sta forbhreathn\u00fa a thabhairt duit ar an <strong>t\u00e1ille a bhfuiltear ag s\u00fail leis<\/strong>. <\/p>\n\n<p class=\"wp-block-paragraph\"><strong>T\u00c1BHACHTACH:<\/strong> Mura bhfuil aon chumhdach cosanta dl\u00ed ann, gearraimid r\u00e9amh\u00edoca\u00edocht <strong>ar a laghad \u20ac750.00<\/strong> (VAT san \u00e1ireamh) i gc\u00e1sanna coiri\u00fala chun \u00e1r dt\u00e1ill\u00ed a chinnti\u00fa.<\/p>\n\n<p class=\"wp-block-paragraph\"><strong>T\u00c1BHACHTACH: <\/strong>N\u00edl cosaint choiri\u00fail ar bhonn c\u00fanaimh n\u00f3s imeachta n\u00f3 c\u00fanaimh dhl\u00edthi\u00fail ind\u00e9anta in\u00e1r ngn\u00f3lacht dl\u00ed. Caithfidh daoine gan d\u00f3thain ioncaim <a href=\"https:\/\/www.justiz.gv.at\/service\/verfahrenshilfe.960.de.html\">iarratas ar dheon\u00fa c\u00fanaimh n\u00f3s imeachta<\/a> a chur isteach go d\u00edreach leis an gc\u00fairt agus sannfar aturnae d\u00f3ibh ansin.<\/p>\n\n<h3 class=\"wp-block-heading\" id=\"h-verteidigungskostenersatz\">Ais\u00edoc costais cosanta<\/h3>\n\n<p class=\"icon wp-block-paragraph\">Ar \u00e1mhara\u00ed an tsaoil, for\u00e1lann an dl\u00ed <strong>ais\u00edoc costais cosanta<\/strong> i gc\u00e1s <strong>d\u00fanadh an imscr\u00fadaithe<\/strong> chomh maith le sc\u00e1la de r\u00e9ir na c\u00fairte inni\u00fala i gc\u00e1s <strong>saoradh sa phr\u00edomhimeacht dl\u00ed<\/strong>:<\/p>\n\n<ul class=\"wp-block-list icon\">\n<li><strong>D\u00fanadh imeachta\u00ed imscr\u00fadaithe<\/strong>: suas le <strong>\u20ac 6,000.00<\/strong><\/li>\n\n\n\n<li><strong>C\u00fairt d\u00faiche<\/strong> suas le <strong>\u20ac 5,000.00<\/strong><\/li>\n\n\n\n<li><strong>Breitheamh aonair ag an gc\u00fairt r\u00e9igi\u00fanach<\/strong> suas le <strong>\u20ac 13,000.00<\/strong><\/li>\n\n\n\n<li><strong>C\u00fairt gi\u00fair\u00e9 n\u00f3 c\u00fairt esk\u00fcdt<\/strong> suas le <strong>\u20ac 30,000.00<\/strong><\/li>\n<\/ul>\n\n<p class=\"wp-block-paragraph\">Is f\u00e9idir na huasr\u00e1ta\u00ed a sh\u00e1r\u00fa <strong>50 faoin gc\u00e9ad<\/strong> i gc\u00e1sanna casta agus <strong>100 faoin gc\u00e9ad<\/strong> i gc\u00e1sanna an-mh\u00f3r.<\/p>\n    <div class=\"mr-quote mrbg clearfix\">\n        <a class=\"mr-quote-person\" href=\"\/ueber-uns\/rechtsanwalt-sebastian-riedlmair\/\" title=\"Rechtsanwalt Sebastian Riedlmair\">\n            <img decoding=\"async\" class=\"mr-quote-person-img\" src=\"https:\/\/harlander-partner.eu\/wp-content\/themes\/harlander\/design\/sr100.webp\" width=\"100\"\n                 height=\"100\" loading=\"lazy\" alt=\"Rechtsanwalt Sebastian Riedlmair\">\n            <span class=\"mr-quote-person-text\">\n            Sebastian Riedlmair<br>\n            <span class=\"mr-quote-person-function\">Harlander &amp; Partner Rechtsanw\u00e4lte<\/span>\n        <\/span>\n        <\/a>\n        <span class=\"mr-quote-content\">\u201eSa ch\u00e1s go nd\u00e9antar an n\u00f3s imeachta imscr\u00fadaithe a fhionra\u00ed agus go nd\u00e9antar neamhchiontach sa phr\u00edomhimeacht, ais\u00edocfaidh an st\u00e1t na costais dl\u00edod\u00f3ra go fial.\u201c<\/span>\n    <\/div>\n<a class=\"mr-cta-link mr-cta-button-cal\" href=\"#h2-booking\" title=\"Comhairli\u00fach\u00e1n Tosaigh Saor in Aisce\"><span class=\"mr-cta-link-normal\">Roghnaigh an d\u00e1ta is fearr leat anois:<\/span><span class=\"mr-cta-link-bold\">Comhairli\u00fach\u00e1n Tosaigh Saor in Aisce<\/span><\/a>\n\n<h3 class=\"wp-block-heading\" id=\"h-rechtsschutzversicherung\">\u00c1rachas cosanta dl\u00edthi\u00fala<\/h3>\n\n<p class=\"wp-block-paragraph\">T\u00e1imid s\u00e1sta iarratas cl\u00fadaigh a fh\u00e1il \u00f3 d\u2019\u00e1rachas cosanta dl\u00ed le haghaidh ionada\u00edocht dhl\u00edthi\u00fail san Ostair. A mh\u00e9id a dheona\u00edonn d\u2019\u00e1rachas cosanta dl\u00ed cl\u00fadach, d\u00e9anaimid \u00e1r dt\u00e1ill\u00ed a shocr\u00fa go d\u00edreach leis an \u00e1rachas. <\/p>\n\n<h3 class=\"wp-block-heading\" id=\"h-videokonferenz\">F\u00edschomhdh\u00e1il<\/h3>\n\n<p class=\"wp-block-paragraph\">T\u00e1 \u00e1r ngn\u00f3lacht dl\u00ed digiteachaithe go hioml\u00e1n. Sa saol laeth\u00fail, oibr\u00edmid beagnach go heisiach tr\u00ed <strong>f\u00edschomhdh\u00e1il<\/strong>. <\/p>\n\n<p class=\"wp-block-paragraph\">Cialla\u00edonn s\u00e9 seo: is f\u00e9idir leat do ch\u00e1s coiri\u00fail a phl\u00e9 le \u00e1r n-aturnaetha Ostaracha <strong>duine le duine<\/strong> \u00f3n gcoigr\u00edoch freisin. Faigheann t\u00fa <strong>coinne go luath<\/strong> i gc\u00f3na\u00ed agus <strong>s\u00e1bh\u00e1lann t\u00fa turas fada<\/strong> go dt\u00ed an Ostair. <\/p>\n\n<p class=\"wp-block-paragraph\">Ar nd\u00f3igh, is f\u00e9idir comhoibri\u00fa tr\u00ed theileaf\u00f3n n\u00f3 coinne pearsanta ag \u00e1r su\u00edomhanna oifige freisin.<\/p>\n<a class=\"mr-cta-link mr-cta-button-cal\" href=\"#h2-booking\" title=\"Comhairli\u00fach\u00e1n Tosaigh Saor in Aisce\"><span class=\"mr-cta-link-normal\">Roghnaigh an d\u00e1ta is fearr leat anois:<\/span><span class=\"mr-cta-link-bold\">Comhairli\u00fach\u00e1n Tosaigh Saor in Aisce<\/span><\/a>\n\n<h2 class=\"wp-block-heading\" id=\"h-strafverfahren-in-osterreich-0\">Imeachta\u00ed coiri\u00fala san Ostair<\/h2>\n\n<p class=\"wp-block-paragraph\">I <strong>imeachta\u00ed coiri\u00fala<\/strong>, t\u00e1 \u00e1r n-abhc\u00f3id\u00ed cosanta coiri\u00fala gn\u00edomhach os comhair gach c\u00fairte san Ostair mar gheall ar dh\u00e1ileadh id\u00e9alach \u00e1r su\u00edomhanna oifige:<\/p>\n\n<p class=\"wp-block-paragraph\"><strong>1\u00fa sampla<\/strong><\/p>\n\n<ul class=\"wp-block-list\">\n<li>Gach c\u00fairt d\u00faiche<\/li>\n\n\n\n<li>Gach c\u00fairt r\u00e9igi\u00fanach<\/li>\n<\/ul>\n\n<p class=\"wp-block-paragraph\"><strong>2\u00fa sampla<\/strong><\/p>\n\n<ul class=\"wp-block-list\">\n<li>Gach c\u00fairt r\u00e9igi\u00fanach<\/li>\n\n\n\n<li>Gach c\u00fairt uachtarach r\u00e9igi\u00fanach<\/li>\n\n\n\n<li>An Ch\u00fairt Uachtarach (OGH)<\/li>\n<\/ul>\n\n<h2 class=\"wp-block-heading\" id=\"h-verwaltungsstrafverfahren-in-osterreich\">Imeachta\u00ed coiri\u00fala riarach\u00e1in san Ostair<\/h2>\n\n<p class=\"wp-block-paragraph\">In <strong>imeachta\u00ed coiri\u00fala riarach\u00e1in<\/strong>, t\u00e1 \u00e1r gcosant\u00f3ir\u00ed coiri\u00fala gn\u00edomhach os comhair gach \u00fadar\u00e1is agus c\u00fairte san Ostair mar gheall ar dh\u00e1ileadh id\u00e9alach \u00e1r su\u00edomhanna oifige:<\/p>\n\n<ul class=\"wp-block-list\">\n<li>Gach \u00fadar\u00e1s<\/li>\n\n\n\n<li>Gach c\u00fairt riarach\u00e1in st\u00e1it<\/li>\n\n\n\n<li>An Ch\u00fairt Riarach\u00e1in Ch\u00f3naidhme (BVwG)<\/li>\n\n\n\n<li>An Ch\u00fairt Riarach\u00e1in Uachtarach (VwGH)<\/li>\n\n\n\n<li>An Ch\u00fairt Bhunreacht\u00fail (VfGH)<\/li>\n<\/ul>\n<a class=\"mr-cta-link mr-cta-button-cal\" href=\"#h2-booking\" title=\"Comhairli\u00fach\u00e1n Tosaigh Saor in Aisce\"><span class=\"mr-cta-link-normal\">Roghnaigh an d\u00e1ta is fearr leat anois:<\/span><span class=\"mr-cta-link-bold\">Comhairli\u00fach\u00e1n Tosaigh Saor in Aisce<\/span><\/a>\n\n<h2 class=\"wp-block-heading\" id=\"h-terminsvertretung-oder-direkte-mandatierung\">Ionada\u00edocht \u00c9isteachta n\u00f3 Sainord\u00fa D\u00edreach?<\/h2>\n\n<p class=\"wp-block-paragraph\">Is f\u00e9idir leat sinn a cheapadh go d\u00edreach. Mar sin f\u00e9in, m\u00e1 t\u00e1 dl\u00edod\u00f3ir\u00ed inmhe\u00e1nacha buana n\u00f3 dl\u00edod\u00f3ir\u00ed cuideachta agat, beimid s\u00e1sta comhoibri\u00fa le d&#8217;ionada\u00edocht dl\u00edthi\u00fail bhuan, maidir le do ch\u00e1s coiri\u00fail san <strong>Ostair<\/strong>. <\/p>\n\n<p class=\"wp-block-paragraph\">I gc\u00e1s <strong>c\u00e1sanna dl\u00ed trasteorann<\/strong>, \u00e1fach, n\u00ed h\u00e9 an ionada\u00edocht \u00e9isteachta an fhoirm is fearr. T\u00e1 an staid dl\u00ed r\u00f3-\u00e9ags\u00fail. N\u00ed f\u00e9idir le dl\u00edod\u00f3ir\u00ed eachtracha m\u00f3r\u00e1n a chur leis \u00f3 thaobh an dl\u00ed de. Ar an gc\u00fais seo, is fearr linn feidhmi\u00fa mar <strong>dhl\u00edod\u00f3ir\u00ed comhfhreagra\u00ed a bhfuil sainord\u00fa d\u00edreach acu<\/strong>.   <\/p>\n\n<p class=\"wp-block-paragraph\">Moltar, d\u00e1 bhr\u00ed sin, go bhfaigheann \u00e1r ndl\u00edod\u00f3ir\u00ed <strong>sainord\u00fa d\u00edreach<\/strong> leis an tasc an comhfhreagras leis na cliaint a dh\u00e9anamh tr\u00edna ndl\u00edod\u00f3ir\u00ed inmhe\u00e1nacha n\u00f3 dl\u00edod\u00f3ir\u00ed cuideachta.<\/p>\n\n<p class=\"wp-block-paragraph\">Ar an gcaoi sin, b\u00edonn ag cliaint eachtracha a <strong>ngn\u00f3lacht dl\u00ed is gn\u00e1ch mar phointe teagmh\u00e1la iontaofa<\/strong>. Os a choinne sin, is f\u00e9idir le gn\u00f3lachta\u00ed dl\u00ed eachtracha seirbh\u00eds <strong>chuimsitheach a thairiscint d\u00e1 gcliaint don Ostair freisin<\/strong>. <\/p>\n<a class=\"mr-cta-link mr-cta-button-cal\" href=\"#h2-booking\" title=\"Comhairli\u00fach\u00e1n Tosaigh Saor in Aisce\"><span class=\"mr-cta-link-normal\">Roghnaigh an d\u00e1ta is fearr leat anois:<\/span><span class=\"mr-cta-link-bold\">Comhairli\u00fach\u00e1n Tosaigh Saor in Aisce<\/span><\/a>\n","protected":false},"excerpt":{"rendered":"Imeachta\u00ed coiri\u00fala san Ostair T\u00e1 \u00e1r ngn\u00f3lacht dl\u00ed ann \u00f3 1953. T\u00e1imid cl\u00e1raithe mar chosant\u00f3ir\u00ed coiri\u00fala san Ostair agus sa Ghearm\u00e1in. Dl\u00ed coiri\u00fail agus dl\u00ed riarach\u00e1in coiri\u00fail Taca\u00edonn \u00e1r chosant\u00f3ir\u00ed &#8230;","protected":false},"author":1,"featured_media":0,"comment_status":"closed","ping_status":"open","sticky":false,"template":"","format":"standard","meta":{"_acf_changed":false,"_uag_custom_page_level_css":"","footnotes":""},"categories":[1215],"tags":[],"class_list":["post-89203","post","type-post","status-publish","format-standard","hentry","category-leathanaigh-tuirlingthe"],"acf":[],"uagb_featured_image_src":{"full":false,"thumbnail":false,"medium":false,"medium_large":false,"large":false,"1536x1536":false,"2048x2048":false,"336x":false,"352x":false,"woocommerce_thumbnail":false,"woocommerce_single":false,"woocommerce_gallery_thumbnail":false,"yarpp-thumbnail":false},"uagb_author_info":{"display_name":"Peter Harlander","author_link":"https:\/\/harlander-partner.eu\/ga\/author\/secondpromotion\/"},"uagb_comment_info":0,"uagb_excerpt":"Imeachta\u00ed coiri\u00fala san Ostair T\u00e1 \u00e1r ngn\u00f3lacht dl\u00ed ann \u00f3 1953. T\u00e1imid cl\u00e1raithe mar chosant\u00f3ir\u00ed coiri\u00fala san Ostair agus sa Ghearm\u00e1in. Dl\u00ed coiri\u00fail agus dl\u00ed riarach\u00e1in coiri\u00fail Taca\u00edonn \u00e1r chosant\u00f3ir\u00ed ...","_links":{"self":[{"href":"https:\/\/harlander-partner.eu\/ga\/wp-json\/wp\/v2\/posts\/89203","targetHints":{"allow":["GET"]}}],"collection":[{"href":"https:\/\/harlander-partner.eu\/ga\/wp-json\/wp\/v2\/posts"}],"about":[{"href":"https:\/\/harlander-partner.eu\/ga\/wp-json\/wp\/v2\/types\/post"}],"author":[{"embeddable":true,"href":"https:\/\/harlander-partner.eu\/ga\/wp-json\/wp\/v2\/users\/1"}],"replies":[{"embeddable":true,"href":"https:\/\/harlander-partner.eu\/ga\/wp-json\/wp\/v2\/comments?post=89203"}],"version-history":[{"count":3,"href":"https:\/\/harlander-partner.eu\/ga\/wp-json\/wp\/v2\/posts\/89203\/revisions"}],"predecessor-version":[{"id":163335,"href":"https:\/\/harlander-partner.eu\/ga\/wp-json\/wp\/v2\/posts\/89203\/revisions\/163335"}],"wp:attachment":[{"href":"https:\/\/harlander-partner.eu\/ga\/wp-json\/wp\/v2\/media?parent=89203"}],"wp:term":[{"taxonomy":"category","embeddable":true,"href":"https:\/\/harlander-partner.eu\/ga\/wp-json\/wp\/v2\/categories?post=89203"},{"taxonomy":"post_tag","embeddable":true,"href":"https:\/\/harlander-partner.eu\/ga\/wp-json\/wp\/v2\/tags?post=89203"}],"curies":[{"name":"wp","href":"https:\/\/api.w.org\/{rel}","templated":true}]}}