{"id":30054,"date":"2024-11-30T07:00:00","date_gmt":"2024-11-30T06:00:00","guid":{"rendered":"https:\/\/harlander-partner.eu\/jak-vysoke-je-vase-dedictvi-kdyz-zemre-dedecek\/"},"modified":"2025-11-24T15:18:40","modified_gmt":"2025-11-24T14:18:40","slug":"jak-vysoke-je-vase-dedictvi-kdyz-zemre-dedecek","status":"publish","type":"post","link":"https:\/\/harlander-partner.eu\/cs\/jak-vysoke-je-vase-dedictvi-kdyz-zemre-dedecek\/","title":{"rendered":"Jak vysok\u00e9 je va\u0161e d\u011bdictv\u00ed, kdy\u017e zem\u0159e d\u011bde\u010dek"},"content":{"rendered":"\n<div class=\"wp-block-yoast-seo-table-of-contents yoast-table-of-contents\"><h2>D\u011bdictv\u00ed, kdy\u017e zem\u0159e d\u011bde\u010dek?<\/h2><ul><li><a href=\"#h-erbschaft-nach-dem-tod-des-grossvaters\" data-level=\"2\">D\u011bdictv\u00ed po smrti d\u011bde\u010dka<\/a><\/li><li><a href=\"#h-erbrecht-der-enkel\" data-level=\"2\">D\u011bdick\u00e9 pr\u00e1vo vnuk\u016f<\/a><\/li><li><a href=\"#h-testament-des-grossvaters\" data-level=\"2\">Z\u00e1v\u011b\u0165 d\u011bde\u010dka<\/a><\/li><li><a href=\"#h-vermachtnis-legat-des-grossvaters\" data-level=\"2\">Odkaz \/ leg\u00e1t d\u011bde\u010dka<\/a><\/li><li><a href=\"#h-schenkung-auf-den-todesfall-durch-den-grossvater\" data-level=\"2\">Darov\u00e1n\u00ed pro p\u0159\u00edpad smrti d\u011bde\u010dkem<\/a><\/li><li><a href=\"#h-pflegevermachtnis\" data-level=\"2\">Odm\u011bna za p\u00e9\u010di<\/a><\/li><li><a href=\"#h-gesetzliche-erbefolge-nach-dem-grossvater\" data-level=\"2\">Z\u00e1konn\u00e1 d\u011bdick\u00e1 posloupnost po d\u011bde\u010dkovi<\/a><\/li><li><a href=\"#h-nacherbschaft\" data-level=\"2\">N\u00e1sledn\u00e9 d\u011bdictv\u00ed<\/a><\/li><li><a href=\"#beispiel-00-1\" data-level=\"2\">N\u00e1hradn\u00ed d\u011bdictv\u00ed<\/a><\/li><li><a href=\"#h-hohe-der-erbschaft\" data-level=\"2\">V\u00fd\u0161e d\u011bdictv\u00ed<\/a><\/li><\/ul><\/div>\n\n<h2 class=\"wp-block-heading\" id=\"h-erbschaft-nach-dem-tod-des-grossvaters\">D\u011bdictv\u00ed po smrti d\u011bde\u010dka<\/h2>\n\n<p class=\"wp-block-paragraph\">Obdr\u017e\u00ed vnuci pod\u00edl na d\u011bdictv\u00ed p\u0159i <strong>smrti d\u011bde\u010dka<\/strong>? Pokud ano, jak vysok\u00fd je pod\u00edl vnuk\u016f na d\u011bdictv\u00ed p\u0159i smrti d\u011bde\u010dka? Odpov\u011bdi na tyto ot\u00e1zky vysv\u011btluj\u00ed odborn\u00edci na d\u011bdick\u00e9 pr\u00e1vo z Harlander  Partner.  <\/p>\n<div itemprop=\"dateline\" class=\"dateline\">Publikov\u00e1no dne  24.11.2025 von <a href=\"https:\/\/harlander-partner.eu\/rechtsanwalt-sebastian-riedlmair\/\" rel=\"author\" title=\"Advok\u00e1t Mag. Peter Harlander\">Advok\u00e1t Mag. Peter Harlander<\/a><\/div>\r\n\t<picture>\r\n\t\t<source srcset=\"\" media=\"(max-width: 360px)\" >\r\n\t\t<source srcset=\"\" media=\"(min-width: 361px)\" >\r\n\t\t<img decoding=\"async\" class=\"mr-picture-large\" src=\"\" alt=\"\" >\r\n\t<\/picture>\n<a class=\"mr-cta-link mr-cta-button-cal\" href=\"#h2-booking\" title=\"Bezplatn\u00e1 \u00favodn\u00ed konzultace\"><span class=\"mr-cta-link-normal\">Vyberte si po\u017eadovan\u00fd term\u00edn:<\/span><span class=\"mr-cta-link-bold\">Bezplatn\u00e1 \u00favodn\u00ed konzultace<\/span><\/a>\n\n<h2 class=\"wp-block-heading\" id=\"h-erbrecht-der-enkel\">D\u011bdick\u00e9 pr\u00e1vo vnuk\u016f<\/h2>\n\n<p class=\"wp-block-paragraph\">Vnuci v p\u0159\u00edpad\u011b smrti d\u011bde\u010dka automaticky ned\u011bd\u00ed. Nicm\u00e9n\u011b existuje n\u011bkolik mo\u017enost\u00ed, jak mohou vnuci z\u00edskat \u010d\u00e1st nebo dokonce cel\u00e9 d\u011bdictv\u00ed. <\/p>\n\n<h2 class=\"wp-block-heading\" id=\"h-testament-des-grossvaters\">Z\u00e1v\u011b\u0165 d\u011bde\u010dka<\/h2>\n\n<p class=\"wp-block-paragraph\">Pokud d\u011bde\u010dek sepsal z\u00e1v\u011b\u0165, m\u016f\u017ee v n\u00ed zohlednit sv\u00e9 vnuky. T\u00edmto zp\u016fsobem m\u016f\u017ee podle sv\u00e9 posledn\u00ed v\u016fle stanovit ur\u010dit\u00e9 kv\u00f3ty (nap\u0159. polovinu, \u010dtvrtinu). <\/p>\n\n<h2 class=\"wp-block-heading\" id=\"h-vermachtnis-legat-des-grossvaters\">Odkaz \/ leg\u00e1t d\u011bde\u010dka<\/h2>\n\n<p class=\"wp-block-paragraph\">D\u011bde\u010dek m\u00e1 d\u00e1le mo\u017enost sv\u00fdm vnuk\u016fm jako odkaz zanechat jednotliv\u00e9 (rozd\u011blen\u00e9) p\u0159edm\u011bty (nap\u0159. v\u00e1zu na kv\u011btiny) nebo pr\u00e1va (nap\u0159. pr\u00e1vo bydlen\u00ed v jeho dom\u011b).<\/p>\n\n<h2 class=\"wp-block-heading\" id=\"h-schenkung-auf-den-todesfall-durch-den-grossvater\">Darov\u00e1n\u00ed pro p\u0159\u00edpad smrti d\u011bde\u010dkem<\/h2>\n\n<p class=\"wp-block-paragraph\">P\u0159i darov\u00e1n\u00ed pro p\u0159\u00edpad smrti slibuje d\u011bde\u010dek sv\u00fdm vnuk\u016fm pro p\u0159\u00edpad sv\u00e9ho \u00famrt\u00ed darovac\u00ed p\u0159evod ur\u010dit\u00e9 \u010d\u00e1sti majetku. \u00da\u010dinek darov\u00e1n\u00ed nast\u00e1v\u00e1 a\u017e \u00famrt\u00edm. <\/p>\n\n<p class=\"wp-block-paragraph\">Na rozd\u00edl od po\u0159\u00edzen\u00ed pro p\u0159\u00edpad smrti prost\u0159ednictv\u00edm z\u00e1v\u011bti nebo odkazu, kter\u00e9 by d\u011bde\u010dek mohl kdykoli zm\u011bnit, je d\u011bde\u010dek darov\u00e1n\u00edm pro p\u0159\u00edpad smrti tak\u00e9 s\u00e1m v\u00e1z\u00e1n. Darov\u00e1n\u00ed pro p\u0159\u00edpad smrti je oboustrann\u011b z\u00e1vazn\u00e1 smlouva, kterou nelze jednostrann\u011b odvolat. <\/p>\n<a class=\"mr-cta-link mr-cta-button-cal\" href=\"#h2-booking\" title=\"Bezplatn\u00e1 \u00favodn\u00ed konzultace\"><span class=\"mr-cta-link-normal\">Vyberte si po\u017eadovan\u00fd term\u00edn:<\/span><span class=\"mr-cta-link-bold\">Bezplatn\u00e1 \u00favodn\u00ed konzultace<\/span><\/a>\n\n<h2 class=\"wp-block-heading\" id=\"h-pflegevermachtnis\">Odm\u011bna za p\u00e9\u010di<\/h2>\n\n<p class=\"wp-block-paragraph\">Odkaz za p\u00e9\u010di je <strong>z\u00e1konn\u00fd<\/strong> odkaz. Nevych\u00e1z\u00ed z po\u0159\u00edzen\u00ed pro p\u0159\u00edpad smrti zesnul\u00e9ho d\u011bde\u010dka, ale v\u00fdhradn\u011b ze z\u00e1kona. <\/p>\n\n<p class=\"wp-block-paragraph\">Vnuci maj\u00ed n\u00e1rok na odkaz za p\u00e9\u010di, pokud o d\u011bde\u010dka pe\u010dovali takto:<\/p>\n\n<ul class=\"wp-block-list\">\n<li><strong>v posledn\u00edch t\u0159ech letech<\/strong> p\u0159ed smrt\u00ed d\u011bde\u010dka<\/li>\n\n\n\n<li><strong>alespo\u0148 \u0161est m\u011bs\u00edc\u016f<\/strong><\/li>\n\n\n\n<li>v\u00a0<strong>ne pouze zanedbateln\u00e9m rozsahu<\/strong> (zpravidla pr\u016fm\u011brn\u011b v\u00edce ne\u017e 20 hodin m\u011bs\u00ed\u010dn\u011b) <\/li>\n\n\n\n<li><strong>bezplatn\u011b<\/strong> (bez protipln\u011bn\u00ed)<\/li>\n<\/ul>\n\n<h2 class=\"wp-block-heading\" id=\"h-gesetzliche-erbefolge-nach-dem-grossvater\">Z\u00e1konn\u00e1 d\u011bdick\u00e1 posloupnost po d\u011bde\u010dkovi<\/h2>\n\n<p class=\"wp-block-paragraph\">Pokud d\u011bde\u010dek nezanechal z\u00e1v\u011b\u0165, uplatn\u00ed se z\u00e1konn\u00e1 d\u011bdick\u00e1 posloupnost. Vnuci se v\u0161ak podle z\u00e1konn\u00e9 d\u011bdick\u00e9 posloupnosti dostanou na \u0159adu a\u017e tehdy, kdy\u017e neexistuj\u00ed, ji\u017e zem\u0159eli nebo jsou z d\u011bdictv\u00ed pr\u00e1voplatn\u011b vylou\u010deni n\u00e1sleduj\u00edc\u00ed osoby: <\/p>\n\n<ul class=\"wp-block-list\">\n<li>Man\u017eel\/ka zesnul\u00e9ho<\/li>\n\n\n\n<li>D\u011bti zesnul\u00e9ho<\/li>\n<\/ul>\n\n<h2 class=\"wp-block-heading\" id=\"h-nacherbschaft\">N\u00e1sledn\u00e9 d\u011bdictv\u00ed<\/h2>\n\n<p class=\"wp-block-paragraph\">P\u0159i n\u00e1sledn\u00e9m d\u011bdictv\u00ed ustanov\u00ed z\u016fstavitel dal\u0161\u00ed osobu jako d\u011bdice, <strong>n\u00e1sledn\u00e9ho d\u011bdice<\/strong>. Ten obdr\u017e\u00ed majetek po prvn\u00edm ustanoven\u00e9m d\u011bdici. <\/p>\n\n<p class=\"wp-block-paragraph\">Pokud byl proto d\u011bde\u010dek v d\u0159\u00edv\u011bj\u0161\u00edm po\u0159\u00edzen\u00ed pro p\u0159\u00edpad smrti ur\u010den jako d\u011bdic a vnuci jako n\u00e1sledn\u00ed d\u011bdicov\u00e9 po d\u011bde\u010dkovi, dostanou se vnuci na \u0159adu po smrti d\u011bde\u010dka. V z\u00e1vislosti na druhu n\u00e1slednictv\u00ed pak obdr\u017e\u00ed cel\u00e9 p\u016fvodn\u00ed d\u011bdictv\u00ed nebo jen tu \u010d\u00e1st, kterou d\u011bde\u010dek nespot\u0159eboval. <\/p>\n\n<h2 class=\"wp-block-heading\" id=\"beispiel-00-1\">N\u00e1hradn\u00ed d\u011bdictv\u00ed<\/h2>\n\n<p class=\"wp-block-paragraph\">P\u0159i seps\u00e1n\u00ed z\u00e1v\u011bti by m\u011bl b\u00fdt v\u017edy jmenov\u00e1n n\u00e1hradn\u00ed d\u011bdic. N\u00e1hradn\u00ed d\u011bdic se dostane ke slovu, pokud ustanoven\u00fd d\u011bdic nem\u016f\u017ee d\u011bdit nebo d\u011bdictv\u00ed odm\u00edtne. <\/p>\n\n<p class=\"wp-block-paragraph\">Pokud proto d\u011bde\u010dek ustanovil jako d\u011bdice n\u011bkoho, kdo ji\u017e zem\u0159el nebo kdo se d\u011bdictv\u00ed z\u0159\u00edk\u00e1, a vnuky jako n\u00e1hradn\u00ed d\u011bdice, pak se tito dostanou na \u0159adu tak\u00e9 po smrti d\u011bde\u010dka.<\/p>\n\n<h2 class=\"wp-block-heading\" id=\"h-hohe-der-erbschaft\">V\u00fd\u0161e d\u011bdictv\u00ed<\/h2>\n\n<p class=\"wp-block-paragraph\">V\u00fd\u0161e d\u011bdictv\u00ed, resp. v\u00fd\u0161e hodnoty, kter\u00e1 vnuk\u016fm nakonec z\u016fstane, z\u00e1vis\u00ed nejen na majetku d\u011bde\u010dka, ale tak\u00e9 na po\u010dtu ostatn\u00edch d\u011bdic\u016f a odkazovn\u00edk\u016f (podle po\u0159\u00edzen\u00ed pro p\u0159\u00edpad smrti, jako je z\u00e1v\u011b\u0165 nebo d\u011bdick\u00e1 smlouva).<\/p>\n    <div class=\"mr-quote mrbg clearfix\">\n        <a class=\"mr-quote-person\" href=\"\/ueber-uns\/rechtsanwalt-sebastian-riedlmair\/\" title=\"Rechtsanwalt Sebastian Riedlmair\">\n            <img decoding=\"async\" class=\"mr-quote-person-img\" src=\"https:\/\/harlander-partner.eu\/wp-content\/themes\/harlander\/design\/sr100.webp\" width=\"100\"\n                 height=\"100\" loading=\"lazy\" alt=\"Rechtsanwalt Sebastian Riedlmair\">\n            <span class=\"mr-quote-person-text\">\n            Sebastian Riedlmair<br>\n            <span class=\"mr-quote-person-function\">Harlander &amp; Partner Rechtsanw\u00e4lte<\/span>\n        <\/span>\n        <\/a>\n        <span class=\"mr-quote-content\">\u201eAnwaltliche Unterst\u00fctzung rechnet sich im Erbfall fast immer. Unsere Rechtsanw\u00e4lte f\u00fcr unsere Mandanten stellen sicher, dass keine Anspr\u00fcche \u00fcbersehen oder zu gering bewertet werden.\u201c<\/span>\n    <\/div>\n<a class=\"mr-cta-link mr-cta-button-cal\" href=\"#h2-booking\" title=\"Bezplatn\u00e1 \u00favodn\u00ed konzultace\"><span class=\"mr-cta-link-normal\">Vyberte si po\u017eadovan\u00fd term\u00edn:<\/span><span class=\"mr-cta-link-bold\">Bezplatn\u00e1 \u00favodn\u00ed konzultace<\/span><\/a>\n\n<p class=\"wp-block-paragraph\"><\/p>\n","protected":false},"excerpt":{"rendered":"D\u011bdictv\u00ed po smrti d\u011bde\u010dka Obdr\u017e\u00ed vnuci pod\u00edl na d\u011bdictv\u00ed p\u0159i smrti d\u011bde\u010dka? Pokud ano, jak vysok\u00fd je pod\u00edl vnuk\u016f na d\u011bdictv\u00ed p\u0159i smrti d\u011bde\u010dka? Odpov\u011bdi na tyto ot\u00e1zky vysv\u011btluj\u00ed odborn\u00edci &#8230;","protected":false},"author":1,"featured_media":0,"comment_status":"closed","ping_status":"closed","sticky":false,"template":"","format":"standard","meta":{"_acf_changed":false,"_uag_custom_page_level_css":"","footnotes":""},"categories":[506,487],"tags":[],"class_list":["post-30054","post","type-post","status-publish","format-standard","hentry","category-dedicke-pravo-anbspprevence","category-uncategorized-cs"],"acf":[],"uagb_featured_image_src":{"full":false,"thumbnail":false,"medium":false,"medium_large":false,"large":false,"1536x1536":false,"2048x2048":false,"336x":false,"352x":false,"woocommerce_thumbnail":false,"woocommerce_single":false,"woocommerce_gallery_thumbnail":false,"yarpp-thumbnail":false},"uagb_author_info":{"display_name":"Peter Harlander","author_link":"https:\/\/harlander-partner.eu\/cs\/author\/secondpromotion\/"},"uagb_comment_info":0,"uagb_excerpt":"D\u011bdictv\u00ed po smrti d\u011bde\u010dka Obdr\u017e\u00ed vnuci pod\u00edl na d\u011bdictv\u00ed p\u0159i smrti d\u011bde\u010dka? Pokud ano, jak vysok\u00fd je pod\u00edl vnuk\u016f na d\u011bdictv\u00ed p\u0159i smrti d\u011bde\u010dka? Odpov\u011bdi na tyto ot\u00e1zky vysv\u011btluj\u00ed odborn\u00edci ...","_links":{"self":[{"href":"https:\/\/harlander-partner.eu\/cs\/wp-json\/wp\/v2\/posts\/30054","targetHints":{"allow":["GET"]}}],"collection":[{"href":"https:\/\/harlander-partner.eu\/cs\/wp-json\/wp\/v2\/posts"}],"about":[{"href":"https:\/\/harlander-partner.eu\/cs\/wp-json\/wp\/v2\/types\/post"}],"author":[{"embeddable":true,"href":"https:\/\/harlander-partner.eu\/cs\/wp-json\/wp\/v2\/users\/1"}],"replies":[{"embeddable":true,"href":"https:\/\/harlander-partner.eu\/cs\/wp-json\/wp\/v2\/comments?post=30054"}],"version-history":[{"count":0,"href":"https:\/\/harlander-partner.eu\/cs\/wp-json\/wp\/v2\/posts\/30054\/revisions"}],"wp:attachment":[{"href":"https:\/\/harlander-partner.eu\/cs\/wp-json\/wp\/v2\/media?parent=30054"}],"wp:term":[{"taxonomy":"category","embeddable":true,"href":"https:\/\/harlander-partner.eu\/cs\/wp-json\/wp\/v2\/categories?post=30054"},{"taxonomy":"post_tag","embeddable":true,"href":"https:\/\/harlander-partner.eu\/cs\/wp-json\/wp\/v2\/tags?post=30054"}],"curies":[{"name":"wp","href":"https:\/\/api.w.org\/{rel}","templated":true}]}}