{"id":52428,"date":"2024-07-02T08:45:35","date_gmt":"2024-07-02T06:45:35","guid":{"rendered":"https:\/\/harlander-partner.eu\/nasljedno-pravo\/"},"modified":"2025-11-25T15:45:56","modified_gmt":"2025-11-25T14:45:56","slug":"nasljedno-pravo","status":"publish","type":"post","link":"https:\/\/harlander-partner.eu\/bs\/nasljedno-pravo\/","title":{"rendered":"Nasljedno pravo"},"content":{"rendered":"\n<h2 class=\"wp-block-heading\" id=\"h-rechtsanwalte-fur-erbrecht\">Advokati za nasledno pravo<\/h2>\n\n<p class=\"wp-block-paragraph\">Podr\u017eavamo <strong>od 1953. godine<\/strong> ostavioce, naslednike, legatare i lica sa pravom na nu\u017eni deo u svim pitanjima <strong>austrijskog i me\u0111unarodnog naslednog prava<\/strong>. U me\u0111uvremenu \u010detvrta i peta generacija advokata brine o potrebama na\u0161ih klijenata. <\/p>\n\n<p class=\"wp-block-paragraph\">Od jedne lokacije nastalo je <strong>\u0161est lokacija u Austriji<\/strong> kao i jedna lokacija u <strong>Nema\u010dkoj<\/strong>. Time mo\u017eemo da delujemo <strong>\u0161irom Austrije<\/strong> u svakom slu\u010daju naslednog prava. <\/p>\n\n<p class=\"wp-block-paragraph\">Zbog na\u0161e <strong>specijalizacije u naslednom pravu<\/strong> raspola\u017eemo <strong>dubinskim stru\u010dnim znanjem<\/strong> za svaku situaciju:<\/p>\n\n<h2 class=\"wp-block-heading\" id=\"h-osterreichisches-und-internationales-erbrecht\">Austrijsko i me\u0111unarodno nasledno pravo<\/h2>\n\n<div class=\"wp-block-columns\">\n<div class=\"wp-block-column mr-column-lightgrey\">\n<h3 class=\"wp-block-heading\" id=\"h-regelung-des-erbfalles\">Regulisanje naslednog slu\u010daja<\/h3>\n\n\n\n<ul id=\"block-ccedcdec-40f6-4dd4-9064-5f2f97a1ed2e\" class=\"wp-block-list icon\">\n<li>Nasledni ugovor<\/li>\n\n\n\n<li>Testament<\/li>\n\n\n\n<li>Legat<\/li>\n\n\n\n<li>Pokloni za \u017eivota<\/li>\n\n\n\n<li>Pravo naslje\u0111ivanja poljoprivrednih gospodarstava<\/li>\n\n\n\n<li>Prednasle\u0111ivanje i naknadnasle\u0111ivanje<\/li>\n\n\n\n<li>Li\u0161enje nasljedstva<\/li>\n\n\n\n<li>Smanjenje nu\u017enog dela<\/li>\n\n\n\n<li>Odricanje od nasljedstva<\/li>\n\n\n\n<li>Unapred preuzeto nasle\u0111ivanje<\/li>\n\n\n\n<li>Nasledstvo preduze\u0107a<\/li>\n<\/ul>\n<\/div>\n\n\n\n<div class=\"wp-block-column mr-column-lightgrey\">\n<h3 class=\"wp-block-heading\" id=\"h-eintritt-des-erbfalles\">Nastupanje naslednog slu\u010daja<\/h3>\n\n\n\n<ul id=\"block-ccedcdec-40f6-4dd4-9064-5f2f97a1ed2e\" class=\"wp-block-list icon\">\n<li>Ostavinski postupak<\/li>\n\n\n\n<li>Zakonsko nasledno pravo<\/li>\n\n\n\n<li>Pravo na nu\u017eni deo<\/li>\n\n\n\n<li>Izjava o prihvatanju nasljedstva<\/li>\n\n\n\n<li>Odricanje od nasljedstva<\/li>\n\n\n\n<li>Nasljedni sporovi<\/li>\n\n\n\n<li>Legat nege<\/li>\n\n\n\n<li>Stambeni prostor<\/li>\n\n\n\n<li>Dugovi<\/li>\n<\/ul>\n<\/div>\n<\/div>\n\n<div class=\"wp-block-columns\">\n<div class=\"wp-block-column mr-column-lightgrey\">\n<h3 class=\"wp-block-heading\" id=\"h-internationale-erbsachen\">Me\u0111unarodne nasledne stvari<\/h3>\n\n\n\n<ul id=\"block-ccedcdec-40f6-4dd4-9064-5f2f97a1ed2e\" class=\"wp-block-list icon\">\n<li>Nadle\u017enost<\/li>\n\n\n\n<li>Pravo koje se primenjuje<\/li>\n\n\n\n<li>Imovina u inostranstvu<\/li>\n\n\n\n<li>Porez na nasljedstvo<\/li>\n\n\n\n<li>Porez na poklone<\/li>\n\n\n\n<li>Evropska potvrda o naslje\u0111ivanju<\/li>\n\n\n\n<li>Postupak izdavanja<\/li>\n<\/ul>\n<\/div>\n\n\n\n<div class=\"wp-block-column mr-column-lightgrey\">\n<h3 class=\"wp-block-heading\" id=\"h-vorsorge\">Preventiva<\/h3>\n\n\n\n<ul id=\"block-ccedcdec-40f6-4dd4-9064-5f2f97a1ed2e\" class=\"wp-block-list icon\">\n<li>Preventivna punomo\u0107<\/li>\n\n\n\n<li>Pacijentova direktiva<\/li>\n<\/ul>\n<\/div>\n<\/div>\n    <div class=\"mr-quote mrbg clearfix\">\n        <a class=\"mr-quote-person\" href=\"\/ueber-uns\/rechtsanwalt-peter-harlander\/\" title=\"Rechtsanwalt Peter Harlander\">\n            <img decoding=\"async\" class=\"mr-quote-person-img\" src=\"https:\/\/harlander-partner.eu\/wp-content\/themes\/harlander\/design\/ph100.webp\" width=\"100\"\n                 height=\"100\" loading=\"lazy\" alt=\"Rechtsanwalt Peter Harlander\">\n            <span class=\"mr-quote-person-text\">\n            Peter Harlander<br>\n            <span class=\"mr-quote-person-function\">Harlander &amp; Partner Rechtsanw\u00e4lte<\/span>\n        <\/span>\n        <\/a>\n        <span class=\"mr-quote-content\">\u201eF\u00fcr uns ist es selbstverst\u00e4ndlich, dass Sie einen <strong>pers\u00f6nlichen Ansprechpartner<\/strong> erhalten, der Sie st\u00e4ndig betreut. So ist gew\u00e4hrleistet, dass wir unsere KlientInnen detailliert kennen und st\u00e4ndig einen fundierten \u00dcberblick \u00fcber die Situation haben.\u201c<\/span>\n    <\/div>\n<a class=\"mr-cta-link mr-cta-button-cal\" href=\"#h2-booking\" title=\"Besplatan prvi razgovor\"><span class=\"mr-cta-link-normal\">Odaberite \u017eeljeni termin sada:<\/span><span class=\"mr-cta-link-bold\">Besplatan prvi razgovor<\/span><\/a>\n\n<h2 class=\"wp-block-heading\">Transparentni tro\u0161kovi<\/h2>\n\n<p class=\"wp-block-paragraph\">Ve\u0107 u okviru na\u0161eg <strong>besplatnog prvog razgovora<\/strong> dajemo vam pregled tro\u0161kova koje mo\u017eete o\u010dekivati.<\/p>\n\n<p class=\"wp-block-paragraph\">Obra\u010dun na\u0161ih usluga mo\u017ee biti prema <strong>advokatskoj tarifi<\/strong>, prema <strong>utro\u0161enom vremenu<\/strong> ili u <strong>formi pau\u0161ala<\/strong>. Koja \u0107e se metoda primijeniti zavisi od pravnog slu\u010daja i unaprijed se dogovara s vama ili va\u0161im <strong>osiguranjem pravne za\u0161tite<\/strong>. <\/p>\n\n<p class=\"wp-block-paragraph\"><strong>Naslednicima, legatarima i licima sa pravom na nu\u017eni deo<\/strong> nudimo <strong>po\u010detne korake<\/strong> za utvr\u0111ivanje da li uop\u0161te postoji zna\u010dajna imovina, <strong>u vidu povoljnog pau\u0161ala<\/strong>. Tako mo\u017eete od po\u010detka da procenite da li se dalji koraci uop\u0161te isplate. <\/p>\n\n<h2 class=\"wp-block-heading\" id=\"h-kostenloses-erstgesprach\">Besplatan prvi razgovor<\/h2>\n\n<p class=\"wp-block-paragraph\">Iskoristite na\u0161 besplatan prvi razgovor da nas upoznate i razgovarate o ispravnom postupku za va\u0161 zahtev.<\/p>\n    <div class=\"mr-quote mrbg clearfix\">\n        <a class=\"mr-quote-person\" href=\"\/ueber-uns\/rechtsanwalt-sebastian-riedlmair\/\" title=\"Rechtsanwalt Sebastian Riedlmair\">\n            <img decoding=\"async\" class=\"mr-quote-person-img\" src=\"https:\/\/harlander-partner.eu\/wp-content\/themes\/harlander\/design\/sr100.webp\" width=\"100\"\n                 height=\"100\" loading=\"lazy\" alt=\"Rechtsanwalt Sebastian Riedlmair\">\n            <span class=\"mr-quote-person-text\">\n            Sebastian Riedlmair<br>\n            <span class=\"mr-quote-person-function\">Harlander &amp; Partner Rechtsanw\u00e4lte<\/span>\n        <\/span>\n        <\/a>\n        <span class=\"mr-quote-content\">\u201eW\u00e4hlen Sie jetzt in unserem <strong>Online-Kalender<\/strong> ihren <strong>pers\u00f6nlichen Wunschtermin<\/strong> aus.<br><br>Wir freuen uns auf Sie!\u201c<\/span>\n    <\/div>\n<a class=\"mr-cta-link mr-cta-button-cal\" href=\"#h2-booking\" title=\"Besplatan prvi razgovor\"><span class=\"mr-cta-link-normal\">Odaberite \u017eeljeni termin sada:<\/span><span class=\"mr-cta-link-bold\">Besplatan prvi razgovor<\/span><\/a>\n","protected":false},"excerpt":{"rendered":"Advokati za nasledno pravo Podr\u017eavamo od 1953. godine ostavioce, naslednike, legatare i lica sa pravom na nu\u017eni deo u svim pitanjima austrijskog i me\u0111unarodnog naslednog prava. U me\u0111uvremenu \u010detvrta i &#8230;","protected":false},"author":1,"featured_media":0,"comment_status":"closed","ping_status":"closed","sticky":false,"template":"","format":"standard","meta":{"_acf_changed":false,"_uag_custom_page_level_css":"","footnotes":""},"categories":[790,934],"tags":[],"class_list":["post-52428","post","type-post","status-publish","format-standard","hentry","category-nasljedno-pravo-i-preventiva","category-odredisne-stranice"],"acf":[],"uagb_featured_image_src":{"full":false,"thumbnail":false,"medium":false,"medium_large":false,"large":false,"1536x1536":false,"2048x2048":false,"336x":false,"352x":false,"woocommerce_thumbnail":false,"woocommerce_single":false,"woocommerce_gallery_thumbnail":false,"yarpp-thumbnail":false},"uagb_author_info":{"display_name":"Peter Harlander","author_link":"https:\/\/harlander-partner.eu\/bs\/author\/secondpromotion\/"},"uagb_comment_info":0,"uagb_excerpt":"Advokati za nasledno pravo Podr\u017eavamo od 1953. godine ostavioce, naslednike, legatare i lica sa pravom na nu\u017eni deo u svim pitanjima austrijskog i me\u0111unarodnog naslednog prava. U me\u0111uvremenu \u010detvrta i ...","_links":{"self":[{"href":"https:\/\/harlander-partner.eu\/bs\/wp-json\/wp\/v2\/posts\/52428","targetHints":{"allow":["GET"]}}],"collection":[{"href":"https:\/\/harlander-partner.eu\/bs\/wp-json\/wp\/v2\/posts"}],"about":[{"href":"https:\/\/harlander-partner.eu\/bs\/wp-json\/wp\/v2\/types\/post"}],"author":[{"embeddable":true,"href":"https:\/\/harlander-partner.eu\/bs\/wp-json\/wp\/v2\/users\/1"}],"replies":[{"embeddable":true,"href":"https:\/\/harlander-partner.eu\/bs\/wp-json\/wp\/v2\/comments?post=52428"}],"version-history":[{"count":0,"href":"https:\/\/harlander-partner.eu\/bs\/wp-json\/wp\/v2\/posts\/52428\/revisions"}],"wp:attachment":[{"href":"https:\/\/harlander-partner.eu\/bs\/wp-json\/wp\/v2\/media?parent=52428"}],"wp:term":[{"taxonomy":"category","embeddable":true,"href":"https:\/\/harlander-partner.eu\/bs\/wp-json\/wp\/v2\/categories?post=52428"},{"taxonomy":"post_tag","embeddable":true,"href":"https:\/\/harlander-partner.eu\/bs\/wp-json\/wp\/v2\/tags?post=52428"}],"curies":[{"name":"wp","href":"https:\/\/api.w.org\/{rel}","templated":true}]}}